{"id":95165,"date":"2025-05-05T11:09:00","date_gmt":"2025-05-05T11:09:00","guid":{"rendered":"https:\/\/estado29.mx\/?p=95165"},"modified":"2025-06-13T01:51:41","modified_gmt":"2025-06-13T01:51:41","slug":"reconoce-asociacion-jardin-del-arte-al-presidente-alfonso-sanchez-por-devolverles-espacio-en-plaza-de-la-constitucion","status":"publish","type":"post","link":"https:\/\/estado29.mx\/?p=95165","title":{"rendered":"Reconoce asociaci\u00f3n &#8220;Jard\u00edn del Arte&#8221; al presidente Alfonso S\u00e1nchez por devolverles espacio en Plaza de la Constituci\u00f3n"},"content":{"rendered":"<figure class=\"wp-block-post-featured-image\"><img loading=\"lazy\" decoding=\"async\" width=\"1600\" height=\"1066\" src=\"https:\/\/estado29.mx\/wp-content\/uploads\/2025\/05\/WhatsApp-Image-2025-05-05-at-4.37.00-PM-2.jpeg\" class=\"attachment-post-thumbnail size-post-thumbnail wp-post-image\" alt=\"\" style=\"object-fit:cover;\" srcset=\"https:\/\/estado29.mx\/wp-content\/uploads\/2025\/05\/WhatsApp-Image-2025-05-05-at-4.37.00-PM-2.jpeg 1600w, https:\/\/estado29.mx\/wp-content\/uploads\/2025\/05\/WhatsApp-Image-2025-05-05-at-4.37.00-PM-2-300x200.jpeg 300w, https:\/\/estado29.mx\/wp-content\/uploads\/2025\/05\/WhatsApp-Image-2025-05-05-at-4.37.00-PM-2-1024x682.jpeg 1024w, https:\/\/estado29.mx\/wp-content\/uploads\/2025\/05\/WhatsApp-Image-2025-05-05-at-4.37.00-PM-2-768x512.jpeg 768w, https:\/\/estado29.mx\/wp-content\/uploads\/2025\/05\/WhatsApp-Image-2025-05-05-at-4.37.00-PM-2-1536x1023.jpeg 1536w, https:\/\/estado29.mx\/wp-content\/uploads\/2025\/05\/WhatsApp-Image-2025-05-05-at-4.37.00-PM-2-750x500.jpeg 750w, https:\/\/estado29.mx\/wp-content\/uploads\/2025\/05\/WhatsApp-Image-2025-05-05-at-4.37.00-PM-2-1140x760.jpeg 1140w\" sizes=\"auto, (max-width: 1600px) 100vw, 1600px\" \/><\/figure>\n\n\n<ul class=\"wp-block-list\">\n<li>El presidente municipal reafirm\u00f3 su compromiso con el arte y la cultura y destac\u00f3 que la recuperaci\u00f3n de espacios p\u00fablicos para los artistas responde al derecho ciudadano de acceder y participar en la vida cultural del municipio<\/li>\n<\/ul>\n\n\n\n<p>Integrantes de la Asociaci\u00f3n Civil \u201cJard\u00edn del Arte\u201d de Tlaxcala entregaron un reconocimiento al presidente municipal, Alfonso S\u00e1nchez Garc\u00eda, por su apoyo a la comunidad art\u00edstica local, al devolverles un espacio p\u00fablico para exponer su obra.<\/p>\n\n\n\n<p>En su mensaje, el presidente municipal reiter\u00f3 su compromiso con el arte y la cultura como ejes fundamentales del bienestar social. Se\u00f1al\u00f3 que, anteriormente, los espacios p\u00fablicos les fueron negados a los exponentes locales, no obstante, en su administraci\u00f3n se reconoce el derecho de todas y todos a la cultura y al arte.<\/p>\n\n\n\n<p>\u201cLa cultura ha vuelto a ocupar un lugar importante en los espacios p\u00fablicos, y a trav\u00e9s de iniciativas como esta, buscamos generar puentes de di\u00e1logo con las y los artistas, para escuchar sus necesidades y atenderlas\u201d.<\/p>\n\n\n\n<figure class=\"wp-block-gallery has-nested-images columns-default is-cropped wp-block-gallery-1 is-layout-flex wp-block-gallery-is-layout-flex\">\n<figure class=\"wp-block-image size-large\"><img loading=\"lazy\" decoding=\"async\" width=\"1024\" height=\"682\" data-id=\"95167\" src=\"https:\/\/estado29.mx\/wp-content\/uploads\/2025\/05\/WhatsApp-Image-2025-05-05-at-4.37.00-PM-1-1024x682.jpeg\" alt=\"\" class=\"wp-image-95167\" srcset=\"https:\/\/estado29.mx\/wp-content\/uploads\/2025\/05\/WhatsApp-Image-2025-05-05-at-4.37.00-PM-1-1024x682.jpeg 1024w, https:\/\/estado29.mx\/wp-content\/uploads\/2025\/05\/WhatsApp-Image-2025-05-05-at-4.37.00-PM-1-300x200.jpeg 300w, https:\/\/estado29.mx\/wp-content\/uploads\/2025\/05\/WhatsApp-Image-2025-05-05-at-4.37.00-PM-1-768x512.jpeg 768w, https:\/\/estado29.mx\/wp-content\/uploads\/2025\/05\/WhatsApp-Image-2025-05-05-at-4.37.00-PM-1-1536x1023.jpeg 1536w, https:\/\/estado29.mx\/wp-content\/uploads\/2025\/05\/WhatsApp-Image-2025-05-05-at-4.37.00-PM-1-750x500.jpeg 750w, https:\/\/estado29.mx\/wp-content\/uploads\/2025\/05\/WhatsApp-Image-2025-05-05-at-4.37.00-PM-1-1140x760.jpeg 1140w, https:\/\/estado29.mx\/wp-content\/uploads\/2025\/05\/WhatsApp-Image-2025-05-05-at-4.37.00-PM-1.jpeg 1600w\" sizes=\"auto, (max-width: 1024px) 100vw, 1024px\" \/><\/figure>\n\n\n\n<figure class=\"wp-block-image size-large\"><img loading=\"lazy\" decoding=\"async\" width=\"1024\" height=\"682\" data-id=\"95170\" src=\"https:\/\/estado29.mx\/wp-content\/uploads\/2025\/05\/WhatsApp-Image-2025-05-05-at-4.37.00-PM-1024x682.jpeg\" alt=\"\" class=\"wp-image-95170\" srcset=\"https:\/\/estado29.mx\/wp-content\/uploads\/2025\/05\/WhatsApp-Image-2025-05-05-at-4.37.00-PM-1024x682.jpeg 1024w, https:\/\/estado29.mx\/wp-content\/uploads\/2025\/05\/WhatsApp-Image-2025-05-05-at-4.37.00-PM-300x200.jpeg 300w, https:\/\/estado29.mx\/wp-content\/uploads\/2025\/05\/WhatsApp-Image-2025-05-05-at-4.37.00-PM-768x512.jpeg 768w, https:\/\/estado29.mx\/wp-content\/uploads\/2025\/05\/WhatsApp-Image-2025-05-05-at-4.37.00-PM-1536x1023.jpeg 1536w, https:\/\/estado29.mx\/wp-content\/uploads\/2025\/05\/WhatsApp-Image-2025-05-05-at-4.37.00-PM-750x500.jpeg 750w, https:\/\/estado29.mx\/wp-content\/uploads\/2025\/05\/WhatsApp-Image-2025-05-05-at-4.37.00-PM-1140x760.jpeg 1140w, https:\/\/estado29.mx\/wp-content\/uploads\/2025\/05\/WhatsApp-Image-2025-05-05-at-4.37.00-PM.jpeg 1600w\" sizes=\"auto, (max-width: 1024px) 100vw, 1024px\" \/><\/figure>\n\n\n\n<figure class=\"wp-block-image size-large\"><img loading=\"lazy\" decoding=\"async\" width=\"1024\" height=\"682\" data-id=\"95169\" src=\"https:\/\/estado29.mx\/wp-content\/uploads\/2025\/05\/WhatsApp-Image-2025-05-05-at-4.36.59-PM-1-1024x682.jpeg\" alt=\"\" class=\"wp-image-95169\" srcset=\"https:\/\/estado29.mx\/wp-content\/uploads\/2025\/05\/WhatsApp-Image-2025-05-05-at-4.36.59-PM-1-1024x682.jpeg 1024w, https:\/\/estado29.mx\/wp-content\/uploads\/2025\/05\/WhatsApp-Image-2025-05-05-at-4.36.59-PM-1-300x200.jpeg 300w, https:\/\/estado29.mx\/wp-content\/uploads\/2025\/05\/WhatsApp-Image-2025-05-05-at-4.36.59-PM-1-768x512.jpeg 768w, https:\/\/estado29.mx\/wp-content\/uploads\/2025\/05\/WhatsApp-Image-2025-05-05-at-4.36.59-PM-1-1536x1023.jpeg 1536w, https:\/\/estado29.mx\/wp-content\/uploads\/2025\/05\/WhatsApp-Image-2025-05-05-at-4.36.59-PM-1-750x500.jpeg 750w, https:\/\/estado29.mx\/wp-content\/uploads\/2025\/05\/WhatsApp-Image-2025-05-05-at-4.36.59-PM-1-1140x760.jpeg 1140w, https:\/\/estado29.mx\/wp-content\/uploads\/2025\/05\/WhatsApp-Image-2025-05-05-at-4.36.59-PM-1.jpeg 1600w\" sizes=\"auto, (max-width: 1024px) 100vw, 1024px\" \/><\/figure>\n\n\n\n<figure class=\"wp-block-image size-large\"><img loading=\"lazy\" decoding=\"async\" width=\"1024\" height=\"682\" data-id=\"95168\" src=\"https:\/\/estado29.mx\/wp-content\/uploads\/2025\/05\/WhatsApp-Image-2025-05-05-at-4.36.59-PM-1024x682.jpeg\" alt=\"\" class=\"wp-image-95168\" srcset=\"https:\/\/estado29.mx\/wp-content\/uploads\/2025\/05\/WhatsApp-Image-2025-05-05-at-4.36.59-PM-1024x682.jpeg 1024w, https:\/\/estado29.mx\/wp-content\/uploads\/2025\/05\/WhatsApp-Image-2025-05-05-at-4.36.59-PM-300x200.jpeg 300w, https:\/\/estado29.mx\/wp-content\/uploads\/2025\/05\/WhatsApp-Image-2025-05-05-at-4.36.59-PM-768x512.jpeg 768w, https:\/\/estado29.mx\/wp-content\/uploads\/2025\/05\/WhatsApp-Image-2025-05-05-at-4.36.59-PM-1536x1023.jpeg 1536w, https:\/\/estado29.mx\/wp-content\/uploads\/2025\/05\/WhatsApp-Image-2025-05-05-at-4.36.59-PM-750x500.jpeg 750w, https:\/\/estado29.mx\/wp-content\/uploads\/2025\/05\/WhatsApp-Image-2025-05-05-at-4.36.59-PM-1140x760.jpeg 1140w, https:\/\/estado29.mx\/wp-content\/uploads\/2025\/05\/WhatsApp-Image-2025-05-05-at-4.36.59-PM.jpeg 1600w\" sizes=\"auto, (max-width: 1024px) 100vw, 1024px\" \/><\/figure>\n<\/figure>\n\n\n\n<p>El alcalde reiter\u00f3 que, desde el gobierno municipal, se seguir\u00e1 trabajando para generar nuevos productos art\u00edsticos para lograr que m\u00e1s sectores de la poblaci\u00f3n \u201cabracen estos espacios, los disfruten, aprendan, y participen activamente en la vida cultural y art\u00edstica de nuestra ciudad\u201d.<\/p>\n\n\n\n<p>Durante el evento, la presidenta de la asociaci\u00f3n, Sonia Ju\u00e1rez Dom\u00ednguez, destac\u00f3 que esta acci\u00f3n fortalece el di\u00e1logo y la cercan\u00eda entre el gobierno municipal y los creadores tlaxcaltecas, quienes hist\u00f3ricamente han enfrentado dificultades para contar con espacios dignos y permanentes de exhibici\u00f3n.<\/p>\n\n\n\n<p>\u201cGracias al respaldo del presidente Alfonso S\u00e1nchez, hoy volvemos a ocupar este lugar en el centro de la ciudad, lo que nos permite seguir compartiendo nuestro arte con la ciudadan\u00eda y con los visitantes\u201d, expres\u00f3 Ju\u00e1rez Dom\u00ednguez.<\/p>\n\n\n\n<p>El evento, organizado por la coordinaci\u00f3n de Artesanos del Ayuntamiento, cont\u00f3 con la participaci\u00f3n de 12 artistas, representantes de la sociedad civil, medios de comunicaci\u00f3n y ciudadan\u00eda interesada. El colectivo \u201cJard\u00edn del Arte\u201d expone las creaciones de sus integrantes todos los domingos, de 9 de la ma\u00f1ana a 5:00 de la tarde en la Plaza de la Constituci\u00f3n, colonia centro.<\/p>\n","protected":false},"excerpt":{"rendered":"<p>Integrantes de la Asociaci\u00f3n Civil \u201cJard\u00edn del Arte\u201d de Tlaxcala entregaron un reconocimiento al presidente municipal, Alfonso S\u00e1nchez Garc\u00eda, por su apoyo a la comunidad art\u00edstica local, al devolverles un espacio p\u00fablico para exponer su obra. En su mensaje, el presidente municipal reiter\u00f3 su compromiso con el arte y la cultura como ejes fundamentales del [&hellip;]<\/p>\n","protected":false},"author":4,"featured_media":95166,"comment_status":"open","ping_status":"open","sticky":false,"template":"","format":"standard","meta":{"om_disable_all_campaigns":false,"_monsterinsights_skip_tracking":false,"_monsterinsights_sitenote_active":false,"_monsterinsights_sitenote_note":"","_monsterinsights_sitenote_category":0,"jnews-multi-image_gallery":[],"jnews_single_post":{"format":"standard"},"jnews_primary_category":[],"footnotes":""},"categories":[1],"tags":[],"class_list":["post-95165","post","type-post","status-publish","format-standard","has-post-thumbnail","hentry","category-uncategorized"],"aioseo_notices":[],"_links":{"self":[{"href":"https:\/\/estado29.mx\/index.php?rest_route=\/wp\/v2\/posts\/95165","targetHints":{"allow":["GET"]}}],"collection":[{"href":"https:\/\/estado29.mx\/index.php?rest_route=\/wp\/v2\/posts"}],"about":[{"href":"https:\/\/estado29.mx\/index.php?rest_route=\/wp\/v2\/types\/post"}],"author":[{"embeddable":true,"href":"https:\/\/estado29.mx\/index.php?rest_route=\/wp\/v2\/users\/4"}],"replies":[{"embeddable":true,"href":"https:\/\/estado29.mx\/index.php?rest_route=%2Fwp%2Fv2%2Fcomments&post=95165"}],"version-history":[{"count":1,"href":"https:\/\/estado29.mx\/index.php?rest_route=\/wp\/v2\/posts\/95165\/revisions"}],"predecessor-version":[{"id":95171,"href":"https:\/\/estado29.mx\/index.php?rest_route=\/wp\/v2\/posts\/95165\/revisions\/95171"}],"wp:featuredmedia":[{"embeddable":true,"href":"https:\/\/estado29.mx\/index.php?rest_route=\/wp\/v2\/media\/95166"}],"wp:attachment":[{"href":"https:\/\/estado29.mx\/index.php?rest_route=%2Fwp%2Fv2%2Fmedia&parent=95165"}],"wp:term":[{"taxonomy":"category","embeddable":true,"href":"https:\/\/estado29.mx\/index.php?rest_route=%2Fwp%2Fv2%2Fcategories&post=95165"},{"taxonomy":"post_tag","embeddable":true,"href":"https:\/\/estado29.mx\/index.php?rest_route=%2Fwp%2Fv2%2Ftags&post=95165"}],"curies":[{"name":"wp","href":"https:\/\/api.w.org\/{rel}","templated":true}]}}