{"id":95179,"date":"2025-05-05T11:19:00","date_gmt":"2025-05-05T11:19:00","guid":{"rendered":"https:\/\/estado29.mx\/?p=95179"},"modified":"2025-06-13T01:48:43","modified_gmt":"2025-06-13T01:48:43","slug":"el-gobierno-de-huamantla-ofrecera-atencion-de-800-a-1600-horas-en-tramites-y-servicios-a-partir-de-este-lunes","status":"publish","type":"post","link":"https:\/\/estado29.mx\/?p=95179","title":{"rendered":"El Gobierno de Huamantla ofrecer\u00e1 atenci\u00f3n de 8:00 a 16:00 horas en tr\u00e1mites y servicios a partir de este lunes"},"content":{"rendered":"<figure class=\"wp-block-post-featured-image\"><img loading=\"lazy\" decoding=\"async\" width=\"1320\" height=\"880\" src=\"https:\/\/estado29.mx\/wp-content\/uploads\/2025\/05\/PALACIO-MUNICIPAL.jpeg\" class=\"attachment-post-thumbnail size-post-thumbnail wp-post-image\" alt=\"\" style=\"object-fit:cover;\" srcset=\"https:\/\/estado29.mx\/wp-content\/uploads\/2025\/05\/PALACIO-MUNICIPAL.jpeg 1320w, https:\/\/estado29.mx\/wp-content\/uploads\/2025\/05\/PALACIO-MUNICIPAL-300x200.jpeg 300w, https:\/\/estado29.mx\/wp-content\/uploads\/2025\/05\/PALACIO-MUNICIPAL-1024x683.jpeg 1024w, https:\/\/estado29.mx\/wp-content\/uploads\/2025\/05\/PALACIO-MUNICIPAL-768x512.jpeg 768w, https:\/\/estado29.mx\/wp-content\/uploads\/2025\/05\/PALACIO-MUNICIPAL-750x500.jpeg 750w, https:\/\/estado29.mx\/wp-content\/uploads\/2025\/05\/PALACIO-MUNICIPAL-1140x760.jpeg 1140w\" sizes=\"auto, (max-width: 1320px) 100vw, 1320px\" \/><\/figure>\n\n\n<p>Como una forma de ofrecer una atenci\u00f3n m\u00e1s eficiente y accesible a la poblaci\u00f3n, el Gobierno Municipal de Huamantla informa que, a partir de este lunes 5 de mayo, el nuevo horario para tr\u00e1mites administrativos ser\u00e1 de 8:00 a 16:00 horas.<\/p>\n\n\n\n<p>Con esta mejora administrativa, la administraci\u00f3n que encabeza Salvador Santos Cedillo busca acercar los servicios p\u00fablicos a las y los huamantlecos, al facilitar la realizaci\u00f3n de tr\u00e1mites en un horario m\u00e1s accesible y funcional para quienes trabajan o estudian.<\/p>\n\n\n\n<p>\u201cQueremos que la ciudadan\u00eda sienta que su tiempo es valorado y que sus gestiones se resuelven de manera \u00e1gil y eficiente, por eso estamos haciendo estos ajustes en los horarios de atenci\u00f3n\u201d, destac\u00f3 el edil.<\/p>\n\n\n\n<p>Con este cambio se busca optimizar los recursos humanos y operativos de las distintas \u00e1reas del Ayuntamiento. Al mismo tiempo, se fortalece la cercan\u00eda entre el gobierno municipal y la poblaci\u00f3n.<\/p>\n\n\n\n<p>Esta medida que entrar\u00e1 en vigor en las pr\u00f3ximas horas, busca beneficiar directamente a cientos de personas que diariamente acuden a realizar tr\u00e1mites como pagos, solicitudes y servicios diversos.<\/p>\n","protected":false},"excerpt":{"rendered":"<p>Como una forma de ofrecer una atenci\u00f3n m\u00e1s eficiente y accesible a la poblaci\u00f3n, el Gobierno Municipal de Huamantla informa que, a partir de este lunes 5 de mayo, el nuevo horario para tr\u00e1mites administrativos ser\u00e1 de 8:00 a 16:00 horas. Con esta mejora administrativa, la administraci\u00f3n que encabeza Salvador Santos Cedillo busca acercar los [&hellip;]<\/p>\n","protected":false},"author":9,"featured_media":95180,"comment_status":"open","ping_status":"open","sticky":false,"template":"","format":"standard","meta":{"om_disable_all_campaigns":false,"_monsterinsights_skip_tracking":false,"_monsterinsights_sitenote_active":false,"_monsterinsights_sitenote_note":"","_monsterinsights_sitenote_category":0,"jnews-multi-image_gallery":[],"jnews_single_post":{"format":"standard"},"jnews_primary_category":[],"footnotes":""},"categories":[1],"tags":[],"class_list":["post-95179","post","type-post","status-publish","format-standard","has-post-thumbnail","hentry","category-uncategorized"],"aioseo_notices":[],"_links":{"self":[{"href":"https:\/\/estado29.mx\/index.php?rest_route=\/wp\/v2\/posts\/95179","targetHints":{"allow":["GET"]}}],"collection":[{"href":"https:\/\/estado29.mx\/index.php?rest_route=\/wp\/v2\/posts"}],"about":[{"href":"https:\/\/estado29.mx\/index.php?rest_route=\/wp\/v2\/types\/post"}],"author":[{"embeddable":true,"href":"https:\/\/estado29.mx\/index.php?rest_route=\/wp\/v2\/users\/9"}],"replies":[{"embeddable":true,"href":"https:\/\/estado29.mx\/index.php?rest_route=%2Fwp%2Fv2%2Fcomments&post=95179"}],"version-history":[{"count":1,"href":"https:\/\/estado29.mx\/index.php?rest_route=\/wp\/v2\/posts\/95179\/revisions"}],"predecessor-version":[{"id":95181,"href":"https:\/\/estado29.mx\/index.php?rest_route=\/wp\/v2\/posts\/95179\/revisions\/95181"}],"wp:featuredmedia":[{"embeddable":true,"href":"https:\/\/estado29.mx\/index.php?rest_route=\/wp\/v2\/media\/95180"}],"wp:attachment":[{"href":"https:\/\/estado29.mx\/index.php?rest_route=%2Fwp%2Fv2%2Fmedia&parent=95179"}],"wp:term":[{"taxonomy":"category","embeddable":true,"href":"https:\/\/estado29.mx\/index.php?rest_route=%2Fwp%2Fv2%2Fcategories&post=95179"},{"taxonomy":"post_tag","embeddable":true,"href":"https:\/\/estado29.mx\/index.php?rest_route=%2Fwp%2Fv2%2Ftags&post=95179"}],"curies":[{"name":"wp","href":"https:\/\/api.w.org\/{rel}","templated":true}]}}