{"id":95185,"date":"2025-05-05T23:24:11","date_gmt":"2025-05-05T23:24:11","guid":{"rendered":"https:\/\/estado29.mx\/?p=95185"},"modified":"2025-06-13T02:37:40","modified_gmt":"2025-06-13T02:37:40","slug":"conmemora-el-ayuntamiento-de-huamantla-la-batalla-del-5-de-mayo","status":"publish","type":"post","link":"https:\/\/estado29.mx\/?p=95185","title":{"rendered":"Conmemora el ayuntamiento de Huamantla la batalla del 5 de mayo"},"content":{"rendered":"<figure class=\"wp-block-post-featured-image\"><img loading=\"lazy\" decoding=\"async\" width=\"1280\" height=\"854\" src=\"https:\/\/estado29.mx\/wp-content\/uploads\/2025\/05\/5-de-mayo-5.jpeg\" class=\"attachment-post-thumbnail size-post-thumbnail wp-post-image\" alt=\"\" style=\"object-fit:cover;\" srcset=\"https:\/\/estado29.mx\/wp-content\/uploads\/2025\/05\/5-de-mayo-5.jpeg 1280w, https:\/\/estado29.mx\/wp-content\/uploads\/2025\/05\/5-de-mayo-5-300x200.jpeg 300w, https:\/\/estado29.mx\/wp-content\/uploads\/2025\/05\/5-de-mayo-5-1024x683.jpeg 1024w, https:\/\/estado29.mx\/wp-content\/uploads\/2025\/05\/5-de-mayo-5-768x512.jpeg 768w, https:\/\/estado29.mx\/wp-content\/uploads\/2025\/05\/5-de-mayo-5-750x500.jpeg 750w, https:\/\/estado29.mx\/wp-content\/uploads\/2025\/05\/5-de-mayo-5-1140x761.jpeg 1140w\" sizes=\"auto, (max-width: 1280px) 100vw, 1280px\" \/><\/figure>\n\n\n<p>El Ayuntamiento de Huamantla realiz\u00f3 este lunes 5 de mayo un homenaje conmemorativo a la Batalla de Puebla, al que asistieron estudiantes, maestros, padres de familia y servidores p\u00fablicos de las diferentes \u00e1reas de gobierno.<\/p>\n\n\n\n<p>En representaci\u00f3n del Presidente Municipal, Salvador Santos Cedillo, el Secretario del Ayuntamiento, Luis Miguel Quiroz Mart\u00ednez, ofreci\u00f3 el mensaje oficial, en el que destac\u00f3 que esta administraci\u00f3n trabaja todos los d\u00edas en beneficio de la ciudadan\u00eda, y especialmente de las nuevas generaciones.<\/p>\n\n\n\n<p>\u201cTenemos un Presidente joven, con mucho \u00edmpetu para hacer buenas acciones, para que todos los d\u00edas se realicen obras y se otorguen apoyos. No es f\u00e1cil; somos el municipio m\u00e1s grande en territorio y el segundo con mayor poblaci\u00f3n, por eso los invito a trabajar en unidad y con propuestas\u201d, recalc\u00f3 Quiroz Mart\u00ednez.<\/p>\n\n\n\n<p>Luego, felicit\u00f3 a las ni\u00f1as y ni\u00f1os de la Telesecundaria \u201cDavid Silva\u201d por su destacada participaci\u00f3n en el homenaje y los conmin\u00f3 a esforzarse siempre para obtener los mejores resultados.<\/p>\n\n\n\n<p>Como parte de esta ceremonia, tras rendir honores y ondear a toda asta la bandera de M\u00e9xico, la cronista municipal, Isabel Aquino Romero, present\u00f3 una rese\u00f1a del hecho hist\u00f3rico, en la que destac\u00f3 c\u00f3mo el pueblo de M\u00e9xico se levant\u00f3 en armas contra Francia para evitar una invasi\u00f3n.<\/p>\n\n\n\n<p>Posteriormente, la Marching Band de la Telesecundaria \u201cDavid Silva\u201d ofreci\u00f3 una presentaci\u00f3n que fue bien recibida por los asistentes, gracias al entusiasmo y alegr\u00eda de los j\u00f3venes participantes.&#8211;<\/p>\n","protected":false},"excerpt":{"rendered":"<p>El Ayuntamiento de Huamantla realiz\u00f3 este lunes 5 de mayo un homenaje conmemorativo a la Batalla de Puebla, al que asistieron estudiantes, maestros, padres de familia y servidores p\u00fablicos de las diferentes \u00e1reas de gobierno. En representaci\u00f3n del Presidente Municipal, Salvador Santos Cedillo, el Secretario del Ayuntamiento, Luis Miguel Quiroz Mart\u00ednez, ofreci\u00f3 el mensaje oficial, [&hellip;]<\/p>\n","protected":false},"author":9,"featured_media":95186,"comment_status":"open","ping_status":"open","sticky":false,"template":"","format":"standard","meta":{"om_disable_all_campaigns":false,"_monsterinsights_skip_tracking":false,"_monsterinsights_sitenote_active":false,"_monsterinsights_sitenote_note":"","_monsterinsights_sitenote_category":0,"jnews-multi-image_gallery":[],"jnews_single_post":{"format":"standard"},"jnews_primary_category":[],"footnotes":""},"categories":[1],"tags":[],"class_list":["post-95185","post","type-post","status-publish","format-standard","has-post-thumbnail","hentry","category-uncategorized"],"aioseo_notices":[],"_links":{"self":[{"href":"https:\/\/estado29.mx\/index.php?rest_route=\/wp\/v2\/posts\/95185","targetHints":{"allow":["GET"]}}],"collection":[{"href":"https:\/\/estado29.mx\/index.php?rest_route=\/wp\/v2\/posts"}],"about":[{"href":"https:\/\/estado29.mx\/index.php?rest_route=\/wp\/v2\/types\/post"}],"author":[{"embeddable":true,"href":"https:\/\/estado29.mx\/index.php?rest_route=\/wp\/v2\/users\/9"}],"replies":[{"embeddable":true,"href":"https:\/\/estado29.mx\/index.php?rest_route=%2Fwp%2Fv2%2Fcomments&post=95185"}],"version-history":[{"count":1,"href":"https:\/\/estado29.mx\/index.php?rest_route=\/wp\/v2\/posts\/95185\/revisions"}],"predecessor-version":[{"id":95187,"href":"https:\/\/estado29.mx\/index.php?rest_route=\/wp\/v2\/posts\/95185\/revisions\/95187"}],"wp:featuredmedia":[{"embeddable":true,"href":"https:\/\/estado29.mx\/index.php?rest_route=\/wp\/v2\/media\/95186"}],"wp:attachment":[{"href":"https:\/\/estado29.mx\/index.php?rest_route=%2Fwp%2Fv2%2Fmedia&parent=95185"}],"wp:term":[{"taxonomy":"category","embeddable":true,"href":"https:\/\/estado29.mx\/index.php?rest_route=%2Fwp%2Fv2%2Fcategories&post=95185"},{"taxonomy":"post_tag","embeddable":true,"href":"https:\/\/estado29.mx\/index.php?rest_route=%2Fwp%2Fv2%2Ftags&post=95185"}],"curies":[{"name":"wp","href":"https:\/\/api.w.org\/{rel}","templated":true}]}}