{"id":95188,"date":"2025-05-05T23:26:51","date_gmt":"2025-05-05T23:26:51","guid":{"rendered":"https:\/\/estado29.mx\/?p=95188"},"modified":"2025-06-13T02:37:36","modified_gmt":"2025-06-13T02:37:36","slug":"renuevan-acuerdo-de-colaboracion-la-uatx-y-la-universidad-catolica-de-santa-maria-de-peru","status":"publish","type":"post","link":"https:\/\/estado29.mx\/?p=95188","title":{"rendered":"Renuevan acuerdo de colaboraci\u00f3n la UATx y la Universidad Cat\u00f3lica de Santa Mar\u00eda de Per\u00fa"},"content":{"rendered":"<figure class=\"wp-block-post-featured-image\"><img loading=\"lazy\" decoding=\"async\" width=\"1280\" height=\"853\" src=\"https:\/\/estado29.mx\/wp-content\/uploads\/2025\/05\/WhatsApp-Image-2025-05-05-at-11.47.51-AM.jpeg\" class=\"attachment-post-thumbnail size-post-thumbnail wp-post-image\" alt=\"\" style=\"object-fit:cover;\" srcset=\"https:\/\/estado29.mx\/wp-content\/uploads\/2025\/05\/WhatsApp-Image-2025-05-05-at-11.47.51-AM.jpeg 1280w, https:\/\/estado29.mx\/wp-content\/uploads\/2025\/05\/WhatsApp-Image-2025-05-05-at-11.47.51-AM-300x200.jpeg 300w, https:\/\/estado29.mx\/wp-content\/uploads\/2025\/05\/WhatsApp-Image-2025-05-05-at-11.47.51-AM-1024x682.jpeg 1024w, https:\/\/estado29.mx\/wp-content\/uploads\/2025\/05\/WhatsApp-Image-2025-05-05-at-11.47.51-AM-768x512.jpeg 768w, https:\/\/estado29.mx\/wp-content\/uploads\/2025\/05\/WhatsApp-Image-2025-05-05-at-11.47.51-AM-750x500.jpeg 750w, https:\/\/estado29.mx\/wp-content\/uploads\/2025\/05\/WhatsApp-Image-2025-05-05-at-11.47.51-AM-1140x760.jpeg 1140w\" sizes=\"auto, (max-width: 1280px) 100vw, 1280px\" \/><\/figure>\n\n\n<p>Durante su reciente visita a la Universidad de Santa Mar\u00eda Cat\u00f3lica (UCSM) de Arequipa, Per\u00fa, el Doctor Seraf\u00edn Ortiz Ortiz, Rector de la Universidad Aut\u00f3noma de Tlaxcala (UATx), renov\u00f3 los lazos de colaboraci\u00f3n que permitir\u00e1n impulsar la cooperaci\u00f3n y el intercambio acad\u00e9mico, la investigaci\u00f3n y la vinculaci\u00f3n cultural entre ambas instituciones.<\/p>\n\n\n\n<p>En un acto formal en el claustro de esa universidad sudamericana, el Doctor Ortiz sign\u00f3 este acuerdo de cooperaci\u00f3n, con el Doctor Jorge Luis C\u00e1ceres Arce, Rector de la UCSM, que tambi\u00e9n busca impulsar acciones en materia de posgrado y de movilidad administrativa.<\/p>\n\n\n\n<p>Fue la Doctora Roxana Guti\u00e9rrez Aran\u00edbar, Directora de Cooperaci\u00f3n y Relaciones Internacionales de la UCSM, quien explic\u00f3 en detalle los lineamientos y acciones a seguir para impulsar la formaci\u00f3n profesional de las comunidades de la Aut\u00f3noma de Tlaxcala y la Universidad Cat\u00f3lica de Santa Mar\u00eda.<\/p>\n\n\n\n<p>Por lo que hace al intercambio y la cooperaci\u00f3n acad\u00e9mica, precis\u00f3 la funcionaria, habr\u00e1 una rec\u00edproca movilidad docente y de estudiantes con estancias cortas de grupos multidisciplinarios, poniendo en marcha las pol\u00edticas de autorrealizaci\u00f3n y pr\u00e1cticas del modelo educativo. Adem\u00e1s, se evaluar\u00e1 la posibilidad de crear programas de doble grado en pre y posgrado, cotejando los procesos de cada instituci\u00f3n y los planes de estudio respectivos.<\/p>\n\n\n\n<p>En cuanto a la investigaci\u00f3n, la Doctora Roxana Guti\u00e9rrez indic\u00f3 que se busca generar movilidad de investigadores, potenciar las l\u00edneas de investigaci\u00f3n de cada universidad, el dise\u00f1o y desarrollo de l\u00edneas de investigaci\u00f3n de inter\u00e9s com\u00fan, as\u00ed como la vinculaci\u00f3n con otras instituciones para la elaboraci\u00f3n de proyectos conjuntos en busca de fondos internacionales para su desarrollo.<\/p>\n\n\n\n<p>Asimismo, con la movilidad cultural se busca la participaci\u00f3n de grupos art\u00edsticos de danza, pintura y orquesta sinf\u00f3nica, entre otros, que permita compartir tradiciones y el fomento de la interculturalidad. Y con la movilidad administrativa se pretende compartir las buenas pr\u00e1cticas en el quehacer universitario en sus diferentes \u00e1reas de competencia.<\/p>\n","protected":false},"excerpt":{"rendered":"<p>Durante su reciente visita a la Universidad de Santa Mar\u00eda Cat\u00f3lica (UCSM) de Arequipa, Per\u00fa, el Doctor Seraf\u00edn Ortiz Ortiz, Rector de la Universidad Aut\u00f3noma de Tlaxcala (UATx), renov\u00f3 los lazos de colaboraci\u00f3n que permitir\u00e1n impulsar la cooperaci\u00f3n y el intercambio acad\u00e9mico, la investigaci\u00f3n y la vinculaci\u00f3n cultural entre ambas instituciones. En un acto formal [&hellip;]<\/p>\n","protected":false},"author":9,"featured_media":95189,"comment_status":"open","ping_status":"open","sticky":false,"template":"","format":"standard","meta":{"om_disable_all_campaigns":false,"_monsterinsights_skip_tracking":false,"_monsterinsights_sitenote_active":false,"_monsterinsights_sitenote_note":"","_monsterinsights_sitenote_category":0,"jnews-multi-image_gallery":[],"jnews_single_post":{"format":"standard"},"jnews_primary_category":[],"footnotes":""},"categories":[1],"tags":[],"class_list":["post-95188","post","type-post","status-publish","format-standard","has-post-thumbnail","hentry","category-uncategorized"],"aioseo_notices":[],"_links":{"self":[{"href":"https:\/\/estado29.mx\/index.php?rest_route=\/wp\/v2\/posts\/95188","targetHints":{"allow":["GET"]}}],"collection":[{"href":"https:\/\/estado29.mx\/index.php?rest_route=\/wp\/v2\/posts"}],"about":[{"href":"https:\/\/estado29.mx\/index.php?rest_route=\/wp\/v2\/types\/post"}],"author":[{"embeddable":true,"href":"https:\/\/estado29.mx\/index.php?rest_route=\/wp\/v2\/users\/9"}],"replies":[{"embeddable":true,"href":"https:\/\/estado29.mx\/index.php?rest_route=%2Fwp%2Fv2%2Fcomments&post=95188"}],"version-history":[{"count":1,"href":"https:\/\/estado29.mx\/index.php?rest_route=\/wp\/v2\/posts\/95188\/revisions"}],"predecessor-version":[{"id":95190,"href":"https:\/\/estado29.mx\/index.php?rest_route=\/wp\/v2\/posts\/95188\/revisions\/95190"}],"wp:featuredmedia":[{"embeddable":true,"href":"https:\/\/estado29.mx\/index.php?rest_route=\/wp\/v2\/media\/95189"}],"wp:attachment":[{"href":"https:\/\/estado29.mx\/index.php?rest_route=%2Fwp%2Fv2%2Fmedia&parent=95188"}],"wp:term":[{"taxonomy":"category","embeddable":true,"href":"https:\/\/estado29.mx\/index.php?rest_route=%2Fwp%2Fv2%2Fcategories&post=95188"},{"taxonomy":"post_tag","embeddable":true,"href":"https:\/\/estado29.mx\/index.php?rest_route=%2Fwp%2Fv2%2Ftags&post=95188"}],"curies":[{"name":"wp","href":"https:\/\/api.w.org\/{rel}","templated":true}]}}