{"id":95191,"date":"2025-05-05T23:28:28","date_gmt":"2025-05-05T23:28:28","guid":{"rendered":"https:\/\/estado29.mx\/?p=95191"},"modified":"2025-06-13T02:37:32","modified_gmt":"2025-06-13T02:37:32","slug":"continuan-dialogo-de-reflexion-bioetica-construyendo-identidad-y-pertenencia-universitaria-en-la-uatx","status":"publish","type":"post","link":"https:\/\/estado29.mx\/?p=95191","title":{"rendered":"Contin\u00faan Di\u00e1logo de Reflexi\u00f3n Bio\u00e9tica: Construyendo \u00a0Identidad y Pertenencia Universitaria en la UATx"},"content":{"rendered":"<figure class=\"wp-block-post-featured-image\"><img loading=\"lazy\" decoding=\"async\" width=\"1280\" height=\"852\" src=\"https:\/\/estado29.mx\/wp-content\/uploads\/2025\/05\/WhatsApp-Image-2025-05-05-at-1.32.41-PM.jpeg\" class=\"attachment-post-thumbnail size-post-thumbnail wp-post-image\" alt=\"\" style=\"object-fit:cover;\" srcset=\"https:\/\/estado29.mx\/wp-content\/uploads\/2025\/05\/WhatsApp-Image-2025-05-05-at-1.32.41-PM.jpeg 1280w, https:\/\/estado29.mx\/wp-content\/uploads\/2025\/05\/WhatsApp-Image-2025-05-05-at-1.32.41-PM-300x200.jpeg 300w, https:\/\/estado29.mx\/wp-content\/uploads\/2025\/05\/WhatsApp-Image-2025-05-05-at-1.32.41-PM-1024x682.jpeg 1024w, https:\/\/estado29.mx\/wp-content\/uploads\/2025\/05\/WhatsApp-Image-2025-05-05-at-1.32.41-PM-768x511.jpeg 768w, https:\/\/estado29.mx\/wp-content\/uploads\/2025\/05\/WhatsApp-Image-2025-05-05-at-1.32.41-PM-750x499.jpeg 750w, https:\/\/estado29.mx\/wp-content\/uploads\/2025\/05\/WhatsApp-Image-2025-05-05-at-1.32.41-PM-1140x759.jpeg 1140w\" sizes=\"auto, (max-width: 1280px) 100vw, 1280px\" \/><\/figure>\n\n\n<p>Para dar continuidad al ciclo de conferencias magistrales denominado \ud835\udc03\ud835\udc22\ud835\udc1a\u0301\ud835\udc25\ud835\udc28\ud835\udc20\ud835\udc28\ud835\udc2c \ud835\udc1d\ud835\udc1e \ud835\udc11\ud835\udc1e\ud835\udc1f\ud835\udc25\ud835\udc1e\ud835\udc31\ud835\udc22\ud835\udc28\u0301\ud835\udc27 \ud835\udc01\ud835\udc22\ud835\udc28\ud835\udc1e\u0301\ud835\udc2d\ud835\udc22\ud835\udc1c\ud835\udc1a: \ud835\udc02\ud835\udc28\ud835\udc27\ud835\udc2c\ud835\udc2d\ud835\udc2b\ud835\udc2e\ud835\udc32\ud835\udc1e\ud835\udc27\ud835\udc1d\ud835\udc28 \ud835\udc08\ud835\udc1d\ud835\udc1e\ud835\udc27\ud835\udc2d\ud835\udc22\ud835\udc1d\ud835\udc1a\ud835\udc1d \ud835\udc32 \ud835\udc0f\ud835\udc1e\ud835\udc2b\ud835\udc2d\ud835\udc1e\ud835\udc27\ud835\udc1e\ud835\udc27\ud835\udc1c\ud835\udc22\ud835\udc1a \ud835\udc2e\ud835\udc27\ud835\udc22\ud835\udc2f\ud835\udc1e\ud835\udc2b\ud835\udc2c\ud835\udc22\ud835\udc2d\ud835\udc1a\ud835\udc2b\ud835\udc22\ud835\udc1a \ud835\udc1e\ud835\udc27 \ud835\udc25\ud835\udc1a \ud835\udc14\ud835\udc00\ud835\udc13\ud835\udc31, se efectu\u00f3 la ponencia \ud835\udc04\ud835\udc25 \ud835\udc2c\ud835\udc1e\ud835\udc27\ud835\udc2d\ud835\udc22\ud835\udc1d\ud835\udc28 \ud835\udc1d\ud835\udc1e \ud835\udc29\ud835\udc1e\ud835\udc2b\ud835\udc2d\ud835\udc1e\ud835\udc27\ud835\udc1e\ud835\udc27\ud835\udc1c\ud835\udc22\ud835\udc1a \ud835\udc1e\ud835\udc27 \ud835\udc25\ud835\udc1a \ud835\udc2e\ud835\udc27\ud835\udc22\ud835\udc2f\ud835\udc1e\ud835\udc2b\ud835\udc2c\ud835\udc22\ud835\udc1d\ud835\udc1a\ud835\udc1d: \ud835\udc2e\ud835\udc27 \ud835\udc1e\ud835\udc27\ud835\udc1f\ud835\udc28\ud835\udc2a\ud835\udc2e\ud835\udc1e \ud835\udc1b\ud835\udc22\ud835\udc28\ud835\udc1e\u0301\ud835\udc2d\ud835\udc22\ud835\udc1c\ud835\udc28, que imparti\u00f3 el Doctor Jos\u00e9 Salvador Arellano Rodr\u00edguez, investigador de la Universidad Aut\u00f3noma de Quer\u00e9taro (UAQ) en el Auditorio Anexo a Rector\u00eda de la Universidad Aut\u00f3noma de Tlaxcala (UATx).<\/p>\n\n\n\n<p>Invitado por invitaci\u00f3n de la Coordinaci\u00f3n General del Staff de Rector\u00eda de la UATx y la Comisi\u00f3n Estatal de Bio\u00e9tica, el conferencista subray\u00f3 la necesidad de propiciar espacios de reflexi\u00f3n inter y multidisciplinarios desde una perspectiva bio\u00e9tica que contribuyan a fortalecer el sentido de pertenencia y la identidad institucional.<\/p>\n\n\n\n<p>Adem\u00e1s, habl\u00f3 de la experiencia de la Aut\u00f3noma de Quer\u00e9taro en temas de bio\u00e9tica, con un enfoque filos\u00f3fico y \u00e9nfasis en el sentido humano, por ejemplo, los trabajos sobre responsabilidad social, \u00e9tica e identidad institucionales de los que se hace part\u00edcipes a toda la comunidad estudiantil y docente.<\/p>\n\n\n\n<p>Ante estudiantes de las licenciaturas en Odontolog\u00eda y Ciencias de la Salud de la UATx, el Doctor Arellano, quien es profesor-investigador de tiempo completo de la Facultad de Filosof\u00eda de la UAQ, destac\u00f3 la importancia de fomentar valores \u00e9ticos en la comunidad universitaria y remarc\u00f3, que desde una perspectiva individual, el car\u00e1cter un rasgo distintivo en el ser humano ya que lo hace consciente de s\u00ed mismo y de lo que hace de manera habitual.<\/p>\n","protected":false},"excerpt":{"rendered":"<p>Para dar continuidad al ciclo de conferencias magistrales denominado \ud835\udc03\ud835\udc22\ud835\udc1a\u0301\ud835\udc25\ud835\udc28\ud835\udc20\ud835\udc28\ud835\udc2c \ud835\udc1d\ud835\udc1e \ud835\udc11\ud835\udc1e\ud835\udc1f\ud835\udc25\ud835\udc1e\ud835\udc31\ud835\udc22\ud835\udc28\u0301\ud835\udc27 \ud835\udc01\ud835\udc22\ud835\udc28\ud835\udc1e\u0301\ud835\udc2d\ud835\udc22\ud835\udc1c\ud835\udc1a: \ud835\udc02\ud835\udc28\ud835\udc27\ud835\udc2c\ud835\udc2d\ud835\udc2b\ud835\udc2e\ud835\udc32\ud835\udc1e\ud835\udc27\ud835\udc1d\ud835\udc28 \ud835\udc08\ud835\udc1d\ud835\udc1e\ud835\udc27\ud835\udc2d\ud835\udc22\ud835\udc1d\ud835\udc1a\ud835\udc1d \ud835\udc32 \ud835\udc0f\ud835\udc1e\ud835\udc2b\ud835\udc2d\ud835\udc1e\ud835\udc27\ud835\udc1e\ud835\udc27\ud835\udc1c\ud835\udc22\ud835\udc1a \ud835\udc2e\ud835\udc27\ud835\udc22\ud835\udc2f\ud835\udc1e\ud835\udc2b\ud835\udc2c\ud835\udc22\ud835\udc2d\ud835\udc1a\ud835\udc2b\ud835\udc22\ud835\udc1a \ud835\udc1e\ud835\udc27 \ud835\udc25\ud835\udc1a \ud835\udc14\ud835\udc00\ud835\udc13\ud835\udc31, se efectu\u00f3 la ponencia \ud835\udc04\ud835\udc25 \ud835\udc2c\ud835\udc1e\ud835\udc27\ud835\udc2d\ud835\udc22\ud835\udc1d\ud835\udc28 \ud835\udc1d\ud835\udc1e \ud835\udc29\ud835\udc1e\ud835\udc2b\ud835\udc2d\ud835\udc1e\ud835\udc27\ud835\udc1e\ud835\udc27\ud835\udc1c\ud835\udc22\ud835\udc1a \ud835\udc1e\ud835\udc27 \ud835\udc25\ud835\udc1a \ud835\udc2e\ud835\udc27\ud835\udc22\ud835\udc2f\ud835\udc1e\ud835\udc2b\ud835\udc2c\ud835\udc22\ud835\udc1d\ud835\udc1a\ud835\udc1d: \ud835\udc2e\ud835\udc27 \ud835\udc1e\ud835\udc27\ud835\udc1f\ud835\udc28\ud835\udc2a\ud835\udc2e\ud835\udc1e \ud835\udc1b\ud835\udc22\ud835\udc28\ud835\udc1e\u0301\ud835\udc2d\ud835\udc22\ud835\udc1c\ud835\udc28, que imparti\u00f3 el Doctor Jos\u00e9 Salvador Arellano Rodr\u00edguez, investigador de la Universidad Aut\u00f3noma de Quer\u00e9taro (UAQ) en el Auditorio Anexo [&hellip;]<\/p>\n","protected":false},"author":9,"featured_media":95192,"comment_status":"open","ping_status":"open","sticky":false,"template":"","format":"standard","meta":{"om_disable_all_campaigns":false,"_monsterinsights_skip_tracking":false,"_monsterinsights_sitenote_active":false,"_monsterinsights_sitenote_note":"","_monsterinsights_sitenote_category":0,"jnews-multi-image_gallery":[],"jnews_single_post":{"format":"standard"},"jnews_primary_category":[],"footnotes":""},"categories":[1],"tags":[],"class_list":["post-95191","post","type-post","status-publish","format-standard","has-post-thumbnail","hentry","category-uncategorized"],"aioseo_notices":[],"_links":{"self":[{"href":"https:\/\/estado29.mx\/index.php?rest_route=\/wp\/v2\/posts\/95191","targetHints":{"allow":["GET"]}}],"collection":[{"href":"https:\/\/estado29.mx\/index.php?rest_route=\/wp\/v2\/posts"}],"about":[{"href":"https:\/\/estado29.mx\/index.php?rest_route=\/wp\/v2\/types\/post"}],"author":[{"embeddable":true,"href":"https:\/\/estado29.mx\/index.php?rest_route=\/wp\/v2\/users\/9"}],"replies":[{"embeddable":true,"href":"https:\/\/estado29.mx\/index.php?rest_route=%2Fwp%2Fv2%2Fcomments&post=95191"}],"version-history":[{"count":1,"href":"https:\/\/estado29.mx\/index.php?rest_route=\/wp\/v2\/posts\/95191\/revisions"}],"predecessor-version":[{"id":95193,"href":"https:\/\/estado29.mx\/index.php?rest_route=\/wp\/v2\/posts\/95191\/revisions\/95193"}],"wp:featuredmedia":[{"embeddable":true,"href":"https:\/\/estado29.mx\/index.php?rest_route=\/wp\/v2\/media\/95192"}],"wp:attachment":[{"href":"https:\/\/estado29.mx\/index.php?rest_route=%2Fwp%2Fv2%2Fmedia&parent=95191"}],"wp:term":[{"taxonomy":"category","embeddable":true,"href":"https:\/\/estado29.mx\/index.php?rest_route=%2Fwp%2Fv2%2Fcategories&post=95191"},{"taxonomy":"post_tag","embeddable":true,"href":"https:\/\/estado29.mx\/index.php?rest_route=%2Fwp%2Fv2%2Ftags&post=95191"}],"curies":[{"name":"wp","href":"https:\/\/api.w.org\/{rel}","templated":true}]}}