{"id":95194,"date":"2025-05-05T05:46:00","date_gmt":"2025-05-05T05:46:00","guid":{"rendered":"https:\/\/estado29.mx\/?p=95194"},"modified":"2025-06-13T01:49:00","modified_gmt":"2025-06-13T01:49:00","slug":"grupos-artisticos-uatx-celebran-dia-internacional-de-la-danza-con-el-festival-itotia-danzandole-a-la-vida","status":"publish","type":"post","link":"https:\/\/estado29.mx\/?p=95194","title":{"rendered":"Grupos art\u00edsticos UATx celebran D\u00eda internacional de la danza con el Festival Itotia \u201cDanz\u00e1ndole a la vida\u201d"},"content":{"rendered":"<figure class=\"wp-block-post-featured-image\"><img loading=\"lazy\" decoding=\"async\" width=\"1280\" height=\"852\" src=\"https:\/\/estado29.mx\/wp-content\/uploads\/2025\/05\/WhatsApp-Image-2025-05-05-at-1.32.56-PM.jpeg\" class=\"attachment-post-thumbnail size-post-thumbnail wp-post-image\" alt=\"\" style=\"object-fit:cover;\" srcset=\"https:\/\/estado29.mx\/wp-content\/uploads\/2025\/05\/WhatsApp-Image-2025-05-05-at-1.32.56-PM.jpeg 1280w, https:\/\/estado29.mx\/wp-content\/uploads\/2025\/05\/WhatsApp-Image-2025-05-05-at-1.32.56-PM-300x200.jpeg 300w, https:\/\/estado29.mx\/wp-content\/uploads\/2025\/05\/WhatsApp-Image-2025-05-05-at-1.32.56-PM-1024x682.jpeg 1024w, https:\/\/estado29.mx\/wp-content\/uploads\/2025\/05\/WhatsApp-Image-2025-05-05-at-1.32.56-PM-768x511.jpeg 768w, https:\/\/estado29.mx\/wp-content\/uploads\/2025\/05\/WhatsApp-Image-2025-05-05-at-1.32.56-PM-750x499.jpeg 750w, https:\/\/estado29.mx\/wp-content\/uploads\/2025\/05\/WhatsApp-Image-2025-05-05-at-1.32.56-PM-1140x759.jpeg 1140w\" sizes=\"auto, (max-width: 1280px) 100vw, 1280px\" \/><\/figure>\n\n\n<ul class=\"wp-block-list\">\n<li><\/li>\n<\/ul>\n\n\n\n<p>Con la representaci\u00f3n de diversas piezas musicales, grupos art\u00edsticos de la Secretar\u00eda de Extensi\u00f3n Universitaria y Difusi\u00f3n Cultural de la Universidad Aut\u00f3noma de Tlaxcala (UATx) celebraron el Festival Itotia \u201cDanz\u00e1ndole a la vida\u201d, en el marco del D\u00eda Internacional de la Danza, fecha con la que busca celebrar y promover a la danza como una disciplina de arte universal que une al mundo sin barreras culturales, pol\u00edticas y \u00e9ticas a trav\u00e9s de la expresi\u00f3n corporal.<\/p>\n\n\n\n<p>Estudiantes de las diferentes facultades de la Aut\u00f3noma de Tlaxcala disfrutaron de un espect\u00e1culo lleno de color y movimiento con la presentaci\u00f3n de mix de m\u00fasica urbana, Don Qu, Xote\u2013Act III Kitri Variation (Akane Takada, The Royal Ballet), Oteas y La aparima Rapa Nui, Mix de m\u00fasica contempor\u00e1nea, El lobo, Jacalitos, El huarachazo, entre otras.<\/p>\n\n\n\n<p>El D\u00eda Internacional de la Danza fue proclamado el 29 de abril de 1982 por la Organizaci\u00f3n de las Naciones Unidas para la Educaci\u00f3n, la Ciencia y la Cultura por iniciativa del Comit\u00e9 Internacional de Danza. La fecha elegida tiene coincidencia con el natalicio de Jean-Georges Noverre, un influyente bailar\u00edn, core\u00f3grafo y creador del ballet moderno.<\/p>\n\n\n\n<p>La UATx cuenta con los grupos art\u00edsticos de Baile moderno dirigido por el Maestro Ernesto Rojano Tonix; Danza cl\u00e1sica a cargo de la Maestra Cibele Lozano Castillo; Danzas polinesias bajo la conducci\u00f3n de la Maestra Asselin Iraynai Cisneros Apango; Danza contempor\u00e1nea con la gu\u00eda de la Maestra Rosa Romero Olivera; y el Ballet folkl\u00f3rico universitario a cargo de la Maestra Ana Amalia D\u00edaz.<\/p>\n\n\n\n<p><strong>\u201cPor la cultura a la justicia social\u201d<\/strong><\/p>\n","protected":false},"excerpt":{"rendered":"<p>Con la representaci\u00f3n de diversas piezas musicales, grupos art\u00edsticos de la Secretar\u00eda de Extensi\u00f3n Universitaria y Difusi\u00f3n Cultural de la Universidad Aut\u00f3noma de Tlaxcala (UATx) celebraron el Festival Itotia \u201cDanz\u00e1ndole a la vida\u201d, en el marco del D\u00eda Internacional de la Danza, fecha con la que busca celebrar y promover a la danza como una [&hellip;]<\/p>\n","protected":false},"author":9,"featured_media":95195,"comment_status":"open","ping_status":"open","sticky":false,"template":"","format":"standard","meta":{"om_disable_all_campaigns":false,"_monsterinsights_skip_tracking":false,"_monsterinsights_sitenote_active":false,"_monsterinsights_sitenote_note":"","_monsterinsights_sitenote_category":0,"jnews-multi-image_gallery":[],"jnews_single_post":{"format":"standard"},"jnews_primary_category":[],"footnotes":""},"categories":[1],"tags":[],"class_list":["post-95194","post","type-post","status-publish","format-standard","has-post-thumbnail","hentry","category-uncategorized"],"aioseo_notices":[],"_links":{"self":[{"href":"https:\/\/estado29.mx\/index.php?rest_route=\/wp\/v2\/posts\/95194","targetHints":{"allow":["GET"]}}],"collection":[{"href":"https:\/\/estado29.mx\/index.php?rest_route=\/wp\/v2\/posts"}],"about":[{"href":"https:\/\/estado29.mx\/index.php?rest_route=\/wp\/v2\/types\/post"}],"author":[{"embeddable":true,"href":"https:\/\/estado29.mx\/index.php?rest_route=\/wp\/v2\/users\/9"}],"replies":[{"embeddable":true,"href":"https:\/\/estado29.mx\/index.php?rest_route=%2Fwp%2Fv2%2Fcomments&post=95194"}],"version-history":[{"count":1,"href":"https:\/\/estado29.mx\/index.php?rest_route=\/wp\/v2\/posts\/95194\/revisions"}],"predecessor-version":[{"id":95196,"href":"https:\/\/estado29.mx\/index.php?rest_route=\/wp\/v2\/posts\/95194\/revisions\/95196"}],"wp:featuredmedia":[{"embeddable":true,"href":"https:\/\/estado29.mx\/index.php?rest_route=\/wp\/v2\/media\/95195"}],"wp:attachment":[{"href":"https:\/\/estado29.mx\/index.php?rest_route=%2Fwp%2Fv2%2Fmedia&parent=95194"}],"wp:term":[{"taxonomy":"category","embeddable":true,"href":"https:\/\/estado29.mx\/index.php?rest_route=%2Fwp%2Fv2%2Fcategories&post=95194"},{"taxonomy":"post_tag","embeddable":true,"href":"https:\/\/estado29.mx\/index.php?rest_route=%2Fwp%2Fv2%2Ftags&post=95194"}],"curies":[{"name":"wp","href":"https:\/\/api.w.org\/{rel}","templated":true}]}}