{"id":95197,"date":"2025-05-05T23:37:32","date_gmt":"2025-05-05T23:37:32","guid":{"rendered":"https:\/\/estado29.mx\/?p=95197"},"modified":"2025-06-13T02:37:28","modified_gmt":"2025-06-13T02:37:28","slug":"el-5-de-mayo-nos-recuerda-que-el-presente-y-el-futuro-de-mexico-es-ser-una-nacion-libre-independiente-y-soberana-presidenta-claudia-sheinbaum","status":"publish","type":"post","link":"https:\/\/estado29.mx\/?p=95197","title":{"rendered":"El 5 de mayo nos recuerda que el presente y el futuro de M\u00e9xico es ser una naci\u00f3n libre, independiente y soberana&#8221;: Presidenta Claudia Sheinbaum"},"content":{"rendered":"<figure class=\"wp-block-post-featured-image\"><img loading=\"lazy\" decoding=\"async\" width=\"1600\" height=\"1063\" src=\"https:\/\/estado29.mx\/wp-content\/uploads\/2025\/05\/WhatsApp-Image-2025-05-05-at-5.36.56-PM.jpeg\" class=\"attachment-post-thumbnail size-post-thumbnail wp-post-image\" alt=\"\" style=\"object-fit:cover;\" srcset=\"https:\/\/estado29.mx\/wp-content\/uploads\/2025\/05\/WhatsApp-Image-2025-05-05-at-5.36.56-PM.jpeg 1600w, https:\/\/estado29.mx\/wp-content\/uploads\/2025\/05\/WhatsApp-Image-2025-05-05-at-5.36.56-PM-300x199.jpeg 300w, https:\/\/estado29.mx\/wp-content\/uploads\/2025\/05\/WhatsApp-Image-2025-05-05-at-5.36.56-PM-1024x680.jpeg 1024w, https:\/\/estado29.mx\/wp-content\/uploads\/2025\/05\/WhatsApp-Image-2025-05-05-at-5.36.56-PM-768x510.jpeg 768w, https:\/\/estado29.mx\/wp-content\/uploads\/2025\/05\/WhatsApp-Image-2025-05-05-at-5.36.56-PM-1536x1020.jpeg 1536w, https:\/\/estado29.mx\/wp-content\/uploads\/2025\/05\/WhatsApp-Image-2025-05-05-at-5.36.56-PM-750x498.jpeg 750w, https:\/\/estado29.mx\/wp-content\/uploads\/2025\/05\/WhatsApp-Image-2025-05-05-at-5.36.56-PM-1140x757.jpeg 1140w\" sizes=\"auto, (max-width: 1600px) 100vw, 1600px\" \/><\/figure>\n\n\n<ul class=\"wp-block-list\">\n<li>Resalt\u00f3 que la Batalla de Puebla es uno de los momentos m\u00e1s patri\u00f3ticos y conmovedores de la defensa de la patria<\/li>\n\n\n\n<li>Tom\u00f3 protesta a 37 mil 442 soldados del Servicio Militar Nacional y presenci\u00f3 el desfile c\u00edvico-militar a cargo del general Santos Gerardo Soto, comandante de la 25 Zona Militar y comandante de Columna del desfile<\/li>\n<\/ul>\n\n\n\n<p>Ciudad de M\u00e9xico, 5 de mayo de 2025.- En la conmemoraci\u00f3n del 163 Aniversario de la Batalla de Puebla, la Presidenta Claudia Sheinbaum Pardo destac\u00f3 que el 5 de mayo es un recordatorio de que el presente y el futuro de M\u00e9xico es ser una naci\u00f3n libre, independiente y soberana.<\/p>\n\n\n\n<p>\u201cEl 5 de mayo nos recuerda que el presente y el futuro de M\u00e9xico es el de ser una naci\u00f3n libre, independiente y soberana. Esa es la historia de generaciones que han dado su vida y de muchas y muchos otros que siempre estaremos dispuestos a dar la vida por amor a nuestra historia, por el legado de patriotas y el pueblo de M\u00e9xico\u201d, destac\u00f3 en su discurso desde el Mausoleo del Gral. Ignacio Zaragoza en Puebla.<\/p>\n\n\n\n<p>Afirm\u00f3 que la Batalla de Puebla es uno de los momentos m\u00e1s patri\u00f3ticos y conmovedores de la defensa de la patria, adem\u00e1s de que significa una victoria que ha sembrado ra\u00edces profundas en el coraz\u00f3n de las y los mexicanos en territorio nacional, as\u00ed como en las y los hermanos migrantes que residen en Estados Unidos.<\/p>\n\n\n\n<p>La Jefa del Ejecutivo Federal, tras tomar protesta 37 mil 442 soldados del Servicio Militar Nacional, record\u00f3 que la victoria del 5 de mayo de 1862 ante el ej\u00e9rcito franc\u00e9s fue a causa del patriotismo del pueblo y de los ind\u00edgenas poblanos, de la valent\u00eda, entrega y capacidad de sacrificio de los soldados mexicanos al mando del general Ignacio Zaragoza, quien fue nombrado como \u201cBenem\u00e9rito de la Patria en grado Heroico\u201d por el entonces Presidente Benito Ju\u00e1rez, y que por sus m\u00e9ritos se renombr\u00f3 la capital poblana como Puebla de Zaragoza y su nombre se inscribi\u00f3 en letras de oro en el Congreso de la Uni\u00f3n.<\/p>\n\n\n\n<p>\u201cLas palabras con que el General Ignacio Zaragoza se dirigi\u00f3 a sus tropas son las siguientes: \u2018Puede ser que ellos sean el mejor ej\u00e9rcito del mundo, pero nosotros somos los mejores hijos de M\u00e9xico\u00b4. Un mensaje que atraviesa a\u00f1os de historia y resuena en nuestro presente y siempre en el coraz\u00f3n del pueblo de M\u00e9xico\u201d, agreg\u00f3.<\/p>\n\n\n\n<p>La Presidenta de M\u00e9xico deposit\u00f3 una ofrenda floral en el Mausoleo del Gral. Ignacio Zaragoza en Puebla y presenci\u00f3 el desfile c\u00edvico-militar a cargo del general Santos Gerardo Soto, comandante de la 25 Zona Militar y comandante de Columna del desfile, quien inform\u00f3 el parte de novedades a la Jefa del Ejecutivo Federal: participaron 14 banderas de guerra; 22 guiones; 3 mil 353 integrantes de las tres Fuerzas Armadas y de la Guardia Nacional; 12 mil 500 ni\u00f1os y adultos pertenecientes a 33 escuelas de educaci\u00f3n b\u00e1sica, media superior y superior; 225 zacapoaxtlas, xochiapulcos y tetelenses; 94 veh\u00edculos; nueve aeronaves; cinco binomios can\u00f3filos; 174 semovientes y 11 carros aleg\u00f3ricos.<\/p>\n","protected":false},"excerpt":{"rendered":"<p>Ciudad de M\u00e9xico, 5 de mayo de 2025.- En la conmemoraci\u00f3n del 163 Aniversario de la Batalla de Puebla, la Presidenta Claudia Sheinbaum Pardo destac\u00f3 que el 5 de mayo es un recordatorio de que el presente y el futuro de M\u00e9xico es ser una naci\u00f3n libre, independiente y soberana. \u201cEl 5 de mayo nos [&hellip;]<\/p>\n","protected":false},"author":9,"featured_media":95198,"comment_status":"open","ping_status":"open","sticky":false,"template":"","format":"standard","meta":{"om_disable_all_campaigns":false,"_monsterinsights_skip_tracking":false,"_monsterinsights_sitenote_active":false,"_monsterinsights_sitenote_note":"","_monsterinsights_sitenote_category":0,"jnews-multi-image_gallery":[],"jnews_single_post":{"format":"standard"},"jnews_primary_category":[],"footnotes":""},"categories":[1],"tags":[],"class_list":["post-95197","post","type-post","status-publish","format-standard","has-post-thumbnail","hentry","category-uncategorized"],"aioseo_notices":[],"_links":{"self":[{"href":"https:\/\/estado29.mx\/index.php?rest_route=\/wp\/v2\/posts\/95197","targetHints":{"allow":["GET"]}}],"collection":[{"href":"https:\/\/estado29.mx\/index.php?rest_route=\/wp\/v2\/posts"}],"about":[{"href":"https:\/\/estado29.mx\/index.php?rest_route=\/wp\/v2\/types\/post"}],"author":[{"embeddable":true,"href":"https:\/\/estado29.mx\/index.php?rest_route=\/wp\/v2\/users\/9"}],"replies":[{"embeddable":true,"href":"https:\/\/estado29.mx\/index.php?rest_route=%2Fwp%2Fv2%2Fcomments&post=95197"}],"version-history":[{"count":1,"href":"https:\/\/estado29.mx\/index.php?rest_route=\/wp\/v2\/posts\/95197\/revisions"}],"predecessor-version":[{"id":95199,"href":"https:\/\/estado29.mx\/index.php?rest_route=\/wp\/v2\/posts\/95197\/revisions\/95199"}],"wp:featuredmedia":[{"embeddable":true,"href":"https:\/\/estado29.mx\/index.php?rest_route=\/wp\/v2\/media\/95198"}],"wp:attachment":[{"href":"https:\/\/estado29.mx\/index.php?rest_route=%2Fwp%2Fv2%2Fmedia&parent=95197"}],"wp:term":[{"taxonomy":"category","embeddable":true,"href":"https:\/\/estado29.mx\/index.php?rest_route=%2Fwp%2Fv2%2Fcategories&post=95197"},{"taxonomy":"post_tag","embeddable":true,"href":"https:\/\/estado29.mx\/index.php?rest_route=%2Fwp%2Fv2%2Ftags&post=95197"}],"curies":[{"name":"wp","href":"https:\/\/api.w.org\/{rel}","templated":true}]}}