{"id":95216,"date":"2025-05-06T16:44:42","date_gmt":"2025-05-06T16:44:42","guid":{"rendered":"https:\/\/estado29.mx\/?p=95216"},"modified":"2025-06-13T02:37:06","modified_gmt":"2025-06-13T02:37:06","slug":"solicitan-rescatistas-acciones-en-materia-de-bienestar-animal-al-alcalde-de-tlaxcala","status":"publish","type":"post","link":"https:\/\/estado29.mx\/?p=95216","title":{"rendered":"Solicitan rescatistas acciones en materia de bienestar animal al alcalde de Tlaxcala."},"content":{"rendered":"\n<p>Paco Ugarte.<\/p>\n\n\n\n<p>Diversos colectivos pro animal, han emitido una serie de posicionamientos, al ayuntamiento que encabeza, Alfonso S\u00e1nchez Garc\u00eda, Presidente Municipal de Tlaxcala.<\/p>\n\n\n\n<p>Esto ante diversas acciones que se han tomado principalmente en contra de perros en situaci\u00f3n de calle, como la puesta en marcha de la perrera municipal, ademas invitaron a la creaci\u00f3n del consejo consultivo de bienestar animal, mesas de trabajo con el ayuntamiento, construcci\u00f3n del centro de atenci\u00f3n canina y felina, programa de contenci\u00f3n para hembras en situaci\u00f3n de calle, entre otras acciones.<\/p>\n\n\n\n<p>Maria del Carmen Hern\u00e1ndez Ake acompa\u00f1ado de otros colectivos, se\u00f1alaron que canes en situaci\u00f3n de calle han sido levantados cada vez que se aproxima en evento nacional o estatal, minimizando la violacion a los derechos de los animales tal y como lo marca el art\u00edculo 73.<\/p>\n\n\n\n<p>Se\u00f1alaron que dar\u00e1n seguimiento y sobre todo reconocer\u00e1n la disposici\u00f3n que exista. Por parte del Ayuntamento de Tlaxcala para poner en marcha pol\u00edticas en pro del bienestar animal.<\/p>\n","protected":false},"excerpt":{"rendered":"<p>Paco Ugarte. Diversos colectivos pro animal, han emitido una serie de posicionamientos, al ayuntamiento que encabeza, Alfonso S\u00e1nchez Garc\u00eda, Presidente Municipal de Tlaxcala. Esto ante diversas acciones que se han tomado principalmente en contra de perros en situaci\u00f3n de calle, como la puesta en marcha de la perrera municipal, ademas invitaron a la creaci\u00f3n del [&hellip;]<\/p>\n","protected":false},"author":5,"featured_media":95217,"comment_status":"open","ping_status":"open","sticky":false,"template":"","format":"standard","meta":{"om_disable_all_campaigns":false,"_monsterinsights_skip_tracking":false,"_monsterinsights_sitenote_active":false,"_monsterinsights_sitenote_note":"","_monsterinsights_sitenote_category":0,"jnews-multi-image_gallery":[],"jnews_single_post":{"format":"standard"},"jnews_primary_category":[],"footnotes":""},"categories":[1],"tags":[],"class_list":["post-95216","post","type-post","status-publish","format-standard","has-post-thumbnail","hentry","category-uncategorized"],"aioseo_notices":[],"_links":{"self":[{"href":"https:\/\/estado29.mx\/index.php?rest_route=\/wp\/v2\/posts\/95216","targetHints":{"allow":["GET"]}}],"collection":[{"href":"https:\/\/estado29.mx\/index.php?rest_route=\/wp\/v2\/posts"}],"about":[{"href":"https:\/\/estado29.mx\/index.php?rest_route=\/wp\/v2\/types\/post"}],"author":[{"embeddable":true,"href":"https:\/\/estado29.mx\/index.php?rest_route=\/wp\/v2\/users\/5"}],"replies":[{"embeddable":true,"href":"https:\/\/estado29.mx\/index.php?rest_route=%2Fwp%2Fv2%2Fcomments&post=95216"}],"version-history":[{"count":1,"href":"https:\/\/estado29.mx\/index.php?rest_route=\/wp\/v2\/posts\/95216\/revisions"}],"predecessor-version":[{"id":95218,"href":"https:\/\/estado29.mx\/index.php?rest_route=\/wp\/v2\/posts\/95216\/revisions\/95218"}],"wp:featuredmedia":[{"embeddable":true,"href":"https:\/\/estado29.mx\/index.php?rest_route=\/wp\/v2\/media\/95217"}],"wp:attachment":[{"href":"https:\/\/estado29.mx\/index.php?rest_route=%2Fwp%2Fv2%2Fmedia&parent=95216"}],"wp:term":[{"taxonomy":"category","embeddable":true,"href":"https:\/\/estado29.mx\/index.php?rest_route=%2Fwp%2Fv2%2Fcategories&post=95216"},{"taxonomy":"post_tag","embeddable":true,"href":"https:\/\/estado29.mx\/index.php?rest_route=%2Fwp%2Fv2%2Ftags&post=95216"}],"curies":[{"name":"wp","href":"https:\/\/api.w.org\/{rel}","templated":true}]}}