{"id":95222,"date":"2025-06-17T04:13:31","date_gmt":"2025-06-17T04:13:31","guid":{"rendered":"https:\/\/estado29.mx\/?p=95222"},"modified":"2025-06-17T04:13:31","modified_gmt":"2025-06-17T04:13:31","slug":"95222","status":"publish","type":"post","link":"https:\/\/estado29.mx\/?p=95222","title":{"rendered":"\u00a0"},"content":{"rendered":"\n<p><strong>UATx y STUAT festejan a hijos de trabajadores universitarios<\/strong><\/p>\n\n\n<figure class=\"wp-block-post-featured-image\"><img loading=\"lazy\" decoding=\"async\" width=\"1280\" height=\"852\" src=\"https:\/\/estado29.mx\/wp-content\/uploads\/2025\/05\/WhatsApp-Image-2025-05-06-at-10.27.55-AM-1.jpeg\" class=\"attachment-post-thumbnail size-post-thumbnail wp-post-image\" alt=\"\" style=\"object-fit:cover;\" srcset=\"https:\/\/estado29.mx\/wp-content\/uploads\/2025\/05\/WhatsApp-Image-2025-05-06-at-10.27.55-AM-1.jpeg 1280w, https:\/\/estado29.mx\/wp-content\/uploads\/2025\/05\/WhatsApp-Image-2025-05-06-at-10.27.55-AM-1-300x200.jpeg 300w, https:\/\/estado29.mx\/wp-content\/uploads\/2025\/05\/WhatsApp-Image-2025-05-06-at-10.27.55-AM-1-1024x682.jpeg 1024w, https:\/\/estado29.mx\/wp-content\/uploads\/2025\/05\/WhatsApp-Image-2025-05-06-at-10.27.55-AM-1-768x511.jpeg 768w, https:\/\/estado29.mx\/wp-content\/uploads\/2025\/05\/WhatsApp-Image-2025-05-06-at-10.27.55-AM-1-750x499.jpeg 750w, https:\/\/estado29.mx\/wp-content\/uploads\/2025\/05\/WhatsApp-Image-2025-05-06-at-10.27.55-AM-1-1140x759.jpeg 1140w\" sizes=\"auto, (max-width: 1280px) 100vw, 1280px\" \/><\/figure>\n\n\n<ul class=\"wp-block-list\">\n<li>Por el D\u00eda del ni\u00f1o<\/li>\n<\/ul>\n\n\n\n<p>Con el prop\u00f3sito de fomentar una convivencia entre los infantes y agremiados al Sindicato de Trabajadores de la Universidad Aut\u00f3noma de Tlaxcala (STUAT), el Comit\u00e9 Ejecutivo efectu\u00f3 la celebraci\u00f3n del \u201cD\u00eda del Ni\u00f1o\u201d, donde los peque\u00f1os disfrutaron de diversas actividades recreativas, rifas, inflables, espect\u00e1culos de payasos y degustaron variados alimentos en la Plaza de la Autonom\u00eda.<\/p>\n\n\n\n<p>El Doctor Seraf\u00edn Ortiz Ortiz, Rector de la Universidad Aut\u00f3noma de Tlaxcala, al momento de saludar a los m\u00e1s de 400 ni\u00f1os que participaron de este festejo, los invit\u00f3 a sentir a esta Instituci\u00f3n como su casa, porque representa un espacio importante para quienes aqu\u00ed laboran al permitirles consolidar sus proyectos personales y profesionales.<\/p>\n\n\n\n<p>Por su parte, la Licenciada Teresa Balderrabano Mendo, Secretaria General del STUAT, mencion\u00f3 que tal como lo estipula el contrato colectivo de trabajo se festeja a los hijos de los trabajadores en su d\u00eda, inculcando tambi\u00e9n los valores universitarios que se desprenden del Modelo Humanista Integrador Basado en Capacidades, y se les hace part\u00edcipes de esta gran comunidad universitaria.<\/p>\n","protected":false},"excerpt":{"rendered":"<p>UATx y STUAT festejan a hijos de trabajadores universitarios Con el prop\u00f3sito de fomentar una convivencia entre los infantes y agremiados al Sindicato de Trabajadores de la Universidad Aut\u00f3noma de Tlaxcala (STUAT), el Comit\u00e9 Ejecutivo efectu\u00f3 la celebraci\u00f3n del \u201cD\u00eda del Ni\u00f1o\u201d, donde los peque\u00f1os disfrutaron de diversas actividades recreativas, rifas, inflables, espect\u00e1culos de payasos [&hellip;]<\/p>\n","protected":false},"author":9,"featured_media":95223,"comment_status":"open","ping_status":"open","sticky":false,"template":"","format":"standard","meta":{"om_disable_all_campaigns":false,"_monsterinsights_skip_tracking":false,"_monsterinsights_sitenote_active":false,"_monsterinsights_sitenote_note":"","_monsterinsights_sitenote_category":0,"jnews-multi-image_gallery":[],"jnews_single_post":{"format":"standard"},"jnews_primary_category":[],"footnotes":""},"categories":[1],"tags":[],"class_list":["post-95222","post","type-post","status-publish","format-standard","has-post-thumbnail","hentry","category-uncategorized"],"aioseo_notices":[],"_links":{"self":[{"href":"https:\/\/estado29.mx\/index.php?rest_route=\/wp\/v2\/posts\/95222","targetHints":{"allow":["GET"]}}],"collection":[{"href":"https:\/\/estado29.mx\/index.php?rest_route=\/wp\/v2\/posts"}],"about":[{"href":"https:\/\/estado29.mx\/index.php?rest_route=\/wp\/v2\/types\/post"}],"author":[{"embeddable":true,"href":"https:\/\/estado29.mx\/index.php?rest_route=\/wp\/v2\/users\/9"}],"replies":[{"embeddable":true,"href":"https:\/\/estado29.mx\/index.php?rest_route=%2Fwp%2Fv2%2Fcomments&post=95222"}],"version-history":[{"count":1,"href":"https:\/\/estado29.mx\/index.php?rest_route=\/wp\/v2\/posts\/95222\/revisions"}],"predecessor-version":[{"id":95224,"href":"https:\/\/estado29.mx\/index.php?rest_route=\/wp\/v2\/posts\/95222\/revisions\/95224"}],"wp:featuredmedia":[{"embeddable":true,"href":"https:\/\/estado29.mx\/index.php?rest_route=\/wp\/v2\/media\/95223"}],"wp:attachment":[{"href":"https:\/\/estado29.mx\/index.php?rest_route=%2Fwp%2Fv2%2Fmedia&parent=95222"}],"wp:term":[{"taxonomy":"category","embeddable":true,"href":"https:\/\/estado29.mx\/index.php?rest_route=%2Fwp%2Fv2%2Fcategories&post=95222"},{"taxonomy":"post_tag","embeddable":true,"href":"https:\/\/estado29.mx\/index.php?rest_route=%2Fwp%2Fv2%2Ftags&post=95222"}],"curies":[{"name":"wp","href":"https:\/\/api.w.org\/{rel}","templated":true}]}}