{"id":95240,"date":"2025-05-06T23:29:02","date_gmt":"2025-05-06T23:29:02","guid":{"rendered":"https:\/\/estado29.mx\/?p=95240"},"modified":"2025-06-13T02:36:37","modified_gmt":"2025-06-13T02:36:37","slug":"ofrecio-la-uatx-el-taller-derechos-humanos-feminismos-y-politica","status":"publish","type":"post","link":"https:\/\/estado29.mx\/?p=95240","title":{"rendered":"Ofreci\u00f3 la UATx el taller \u201cDerechos humanos, feminismos y pol\u00edtica\u201d"},"content":{"rendered":"<figure class=\"wp-block-post-featured-image\"><img loading=\"lazy\" decoding=\"async\" width=\"1280\" height=\"853\" src=\"https:\/\/estado29.mx\/wp-content\/uploads\/2025\/05\/WhatsApp-Image-2025-05-06-at-5.09.39-PM.jpeg\" class=\"attachment-post-thumbnail size-post-thumbnail wp-post-image\" alt=\"\" style=\"object-fit:cover;\" srcset=\"https:\/\/estado29.mx\/wp-content\/uploads\/2025\/05\/WhatsApp-Image-2025-05-06-at-5.09.39-PM.jpeg 1280w, https:\/\/estado29.mx\/wp-content\/uploads\/2025\/05\/WhatsApp-Image-2025-05-06-at-5.09.39-PM-300x200.jpeg 300w, https:\/\/estado29.mx\/wp-content\/uploads\/2025\/05\/WhatsApp-Image-2025-05-06-at-5.09.39-PM-1024x682.jpeg 1024w, https:\/\/estado29.mx\/wp-content\/uploads\/2025\/05\/WhatsApp-Image-2025-05-06-at-5.09.39-PM-768x512.jpeg 768w, https:\/\/estado29.mx\/wp-content\/uploads\/2025\/05\/WhatsApp-Image-2025-05-06-at-5.09.39-PM-750x500.jpeg 750w, https:\/\/estado29.mx\/wp-content\/uploads\/2025\/05\/WhatsApp-Image-2025-05-06-at-5.09.39-PM-1140x760.jpeg 1140w\" sizes=\"auto, (max-width: 1280px) 100vw, 1280px\" \/><\/figure>\n\n\n<ul class=\"wp-block-list\">\n<li>Necesario trabajar la sororidad que permita solidaridad y hermandad entre mujeres: especialista<\/li>\n<\/ul>\n\n\n\n<p>El feminismo es un movimiento contempor\u00e1neo que busca la igualdad de derechos civiles, pol\u00edticos y econ\u00f3micos entre hombres y mujeres, y que tambi\u00e9n pone en el centro del debate otro tipo de violaciones y opresiones que enfrentan las f\u00e9minas a nivel mundial, se\u00f1al\u00f3 la Doctora Mar\u00eda Jos\u00e9 Morales Vargas, catedr\u00e1tica del Posgrado Interinstitucional en Derechos Humanos, al impartir el taller \u201cDerechos humanos, feminismos y pol\u00edtica\u201d que organiz\u00f3 la Unidad Integral de Atenci\u00f3n a la Mujer de la Universidad Aut\u00f3noma de Tlaxcala (UAIM-UATx), dirigido a participantes del programa de salud integral al adulto mayor.<\/p>\n\n\n\n<p>La Doctora Morales Vargas, tambi\u00e9n catedr\u00e1tica de la Facultad de Derecho, Ciencias Pol\u00edticas y Criminolog\u00eda de la UATx, coment\u00f3 que estas actividades permiten repensar el abordaje de los derechos humanos desde una mirada cr\u00edtica y una perspectiva de g\u00e9nero y feminista, dado que el movimiento feminista que ha surgido en las \u00faltimas d\u00e9cadas es de gran alcance y busca transformar la realidad donde los diferentes sectores de la sociedad sean involucrados.&nbsp;<\/p>\n\n\n\n<p>Dijo que ante los escenarios en los que se ha desenvuelto la mujer, <a>es necesario trabajar en la sororidad que permita una solidaridad y hermandad entre las mujeres <\/a>para romper con los esquemas sexistas que reproducen tanto hombres como mujeres, por ello, es vital impulsar este principio a fin de que no haya competencia entre ellas mismas y se apoyen de forma mutua y logren desarrollarse en otras esferas.<\/p>\n\n\n\n<p>Sostuvo que la literatura positivista de los derechos humanos se\u00f1ala que por cuatro generaciones se han alcanzado reconocimientos importantes, por ejemplo, los derechos civiles y pol\u00edticos, econ\u00f3micos y sociales, el reconocimiento de los pueblos, as\u00ed como los derechos universales. La ponente reiter\u00f3 que el movimiento feminista ha surgido para luchar por la igualdad y abre la esperanza para que las garant\u00edas individuales de las mujeres no sean reconocidas de manera tard\u00eda en virtud que este sector demanda un sistema de protecci\u00f3n real de forma universal.<\/p>\n","protected":false},"excerpt":{"rendered":"<p>El feminismo es un movimiento contempor\u00e1neo que busca la igualdad de derechos civiles, pol\u00edticos y econ\u00f3micos entre hombres y mujeres, y que tambi\u00e9n pone en el centro del debate otro tipo de violaciones y opresiones que enfrentan las f\u00e9minas a nivel mundial, se\u00f1al\u00f3 la Doctora Mar\u00eda Jos\u00e9 Morales Vargas, catedr\u00e1tica del Posgrado Interinstitucional en Derechos [&hellip;]<\/p>\n","protected":false},"author":9,"featured_media":95241,"comment_status":"open","ping_status":"open","sticky":false,"template":"","format":"standard","meta":{"om_disable_all_campaigns":false,"_monsterinsights_skip_tracking":false,"_monsterinsights_sitenote_active":false,"_monsterinsights_sitenote_note":"","_monsterinsights_sitenote_category":0,"jnews-multi-image_gallery":[],"jnews_single_post":{"format":"standard"},"jnews_primary_category":[],"footnotes":""},"categories":[1],"tags":[],"class_list":["post-95240","post","type-post","status-publish","format-standard","has-post-thumbnail","hentry","category-uncategorized"],"aioseo_notices":[],"_links":{"self":[{"href":"https:\/\/estado29.mx\/index.php?rest_route=\/wp\/v2\/posts\/95240","targetHints":{"allow":["GET"]}}],"collection":[{"href":"https:\/\/estado29.mx\/index.php?rest_route=\/wp\/v2\/posts"}],"about":[{"href":"https:\/\/estado29.mx\/index.php?rest_route=\/wp\/v2\/types\/post"}],"author":[{"embeddable":true,"href":"https:\/\/estado29.mx\/index.php?rest_route=\/wp\/v2\/users\/9"}],"replies":[{"embeddable":true,"href":"https:\/\/estado29.mx\/index.php?rest_route=%2Fwp%2Fv2%2Fcomments&post=95240"}],"version-history":[{"count":1,"href":"https:\/\/estado29.mx\/index.php?rest_route=\/wp\/v2\/posts\/95240\/revisions"}],"predecessor-version":[{"id":95242,"href":"https:\/\/estado29.mx\/index.php?rest_route=\/wp\/v2\/posts\/95240\/revisions\/95242"}],"wp:featuredmedia":[{"embeddable":true,"href":"https:\/\/estado29.mx\/index.php?rest_route=\/wp\/v2\/media\/95241"}],"wp:attachment":[{"href":"https:\/\/estado29.mx\/index.php?rest_route=%2Fwp%2Fv2%2Fmedia&parent=95240"}],"wp:term":[{"taxonomy":"category","embeddable":true,"href":"https:\/\/estado29.mx\/index.php?rest_route=%2Fwp%2Fv2%2Fcategories&post=95240"},{"taxonomy":"post_tag","embeddable":true,"href":"https:\/\/estado29.mx\/index.php?rest_route=%2Fwp%2Fv2%2Ftags&post=95240"}],"curies":[{"name":"wp","href":"https:\/\/api.w.org\/{rel}","templated":true}]}}