{"id":95243,"date":"2025-05-07T13:10:41","date_gmt":"2025-05-07T13:10:41","guid":{"rendered":"https:\/\/estado29.mx\/?p=95243"},"modified":"2025-06-13T02:49:32","modified_gmt":"2025-06-13T02:49:32","slug":"tlaxcala-fortalece-el-derecho-a-la-salud-con-la-firma-de-convenio-entre-el-ayuntamiento-y-el-itaes","status":"publish","type":"post","link":"https:\/\/estado29.mx\/?p=95243","title":{"rendered":"Tlaxcala fortalece el derecho a la salud con la firma de convenio entre el Ayuntamiento y el ITAES"},"content":{"rendered":"<figure class=\"wp-block-post-featured-image\"><img loading=\"lazy\" decoding=\"async\" width=\"1600\" height=\"1066\" src=\"https:\/\/estado29.mx\/wp-content\/uploads\/2025\/05\/WhatsApp-Image-2025-05-06-at-8.01.18-PM-1.jpeg\" class=\"attachment-post-thumbnail size-post-thumbnail wp-post-image\" alt=\"\" style=\"object-fit:cover;\" srcset=\"https:\/\/estado29.mx\/wp-content\/uploads\/2025\/05\/WhatsApp-Image-2025-05-06-at-8.01.18-PM-1.jpeg 1600w, https:\/\/estado29.mx\/wp-content\/uploads\/2025\/05\/WhatsApp-Image-2025-05-06-at-8.01.18-PM-1-300x200.jpeg 300w, https:\/\/estado29.mx\/wp-content\/uploads\/2025\/05\/WhatsApp-Image-2025-05-06-at-8.01.18-PM-1-1024x682.jpeg 1024w, https:\/\/estado29.mx\/wp-content\/uploads\/2025\/05\/WhatsApp-Image-2025-05-06-at-8.01.18-PM-1-768x512.jpeg 768w, https:\/\/estado29.mx\/wp-content\/uploads\/2025\/05\/WhatsApp-Image-2025-05-06-at-8.01.18-PM-1-1536x1023.jpeg 1536w, https:\/\/estado29.mx\/wp-content\/uploads\/2025\/05\/WhatsApp-Image-2025-05-06-at-8.01.18-PM-1-750x500.jpeg 750w, https:\/\/estado29.mx\/wp-content\/uploads\/2025\/05\/WhatsApp-Image-2025-05-06-at-8.01.18-PM-1-1140x760.jpeg 1140w\" sizes=\"auto, (max-width: 1600px) 100vw, 1600px\" \/><\/figure>\n\n\n<ul class=\"wp-block-list\">\n<li>Con este convenio, las y los capitalinos tendr\u00e1n acceso a servicios de alta especialidad, como imagenolog\u00eda, tecnolog\u00eda microbiol\u00f3gica y detecci\u00f3n oportuna de c\u00e1ncer cervicouterino, anunci\u00f3 el alcalde Alfonso S\u00e1nchez Garc\u00eda<\/li>\n<\/ul>\n\n\n\n<p>En un esfuerzo conjunto por acercar servicios de salud especializada a las y los habitantes del municipio, el presidente municipal de Tlaxcala, Alfonso S\u00e1nchez Garc\u00eda, y el director del Instituto Tlaxcalteca de Asistencia Especializada (ITAES), Dr. Ad\u00e1n Bernal Baltazar Lima, firmaron un convenio de colaboraci\u00f3n que permitir\u00e1 garantizar atenci\u00f3n m\u00e9dica eficiente, oportuna y de calidad para la poblaci\u00f3n, especialmente para quienes se encuentran en situaci\u00f3n de vulnerabilidad.<\/p>\n\n\n\n<p>Con este convenio, las y los capitalinos tendr\u00e1n acceso preferente a servicios de diagn\u00f3stico de alta especialidad, como imagenolog\u00eda avanzada, tecnolog\u00eda microbiol\u00f3gica de vanguardia y detecci\u00f3n oportuna de c\u00e1ncer cervicouterino, entre otros estudios realizados con tecnolog\u00eda de \u00faltima generaci\u00f3n y personal m\u00e9dico altamente capacitado.<\/p>\n\n\n\n<figure class=\"wp-block-gallery has-nested-images columns-default is-cropped wp-block-gallery-1 is-layout-flex wp-block-gallery-is-layout-flex\">\n<figure class=\"wp-block-image size-large\"><img loading=\"lazy\" decoding=\"async\" width=\"1024\" height=\"682\" data-id=\"95245\" src=\"https:\/\/estado29.mx\/wp-content\/uploads\/2025\/05\/WhatsApp-Image-2025-05-06-at-8.01.18-PM-4-1024x682.jpeg\" alt=\"\" class=\"wp-image-95245\" srcset=\"https:\/\/estado29.mx\/wp-content\/uploads\/2025\/05\/WhatsApp-Image-2025-05-06-at-8.01.18-PM-4-1024x682.jpeg 1024w, https:\/\/estado29.mx\/wp-content\/uploads\/2025\/05\/WhatsApp-Image-2025-05-06-at-8.01.18-PM-4-300x200.jpeg 300w, https:\/\/estado29.mx\/wp-content\/uploads\/2025\/05\/WhatsApp-Image-2025-05-06-at-8.01.18-PM-4-768x512.jpeg 768w, https:\/\/estado29.mx\/wp-content\/uploads\/2025\/05\/WhatsApp-Image-2025-05-06-at-8.01.18-PM-4-1536x1023.jpeg 1536w, https:\/\/estado29.mx\/wp-content\/uploads\/2025\/05\/WhatsApp-Image-2025-05-06-at-8.01.18-PM-4-750x500.jpeg 750w, https:\/\/estado29.mx\/wp-content\/uploads\/2025\/05\/WhatsApp-Image-2025-05-06-at-8.01.18-PM-4-1140x760.jpeg 1140w, https:\/\/estado29.mx\/wp-content\/uploads\/2025\/05\/WhatsApp-Image-2025-05-06-at-8.01.18-PM-4.jpeg 1600w\" sizes=\"auto, (max-width: 1024px) 100vw, 1024px\" \/><\/figure>\n\n\n\n<figure class=\"wp-block-image size-large\"><img loading=\"lazy\" decoding=\"async\" width=\"1024\" height=\"682\" data-id=\"95248\" src=\"https:\/\/estado29.mx\/wp-content\/uploads\/2025\/05\/WhatsApp-Image-2025-05-06-at-8.01.18-PM-3-1024x682.jpeg\" alt=\"\" class=\"wp-image-95248\" srcset=\"https:\/\/estado29.mx\/wp-content\/uploads\/2025\/05\/WhatsApp-Image-2025-05-06-at-8.01.18-PM-3-1024x682.jpeg 1024w, https:\/\/estado29.mx\/wp-content\/uploads\/2025\/05\/WhatsApp-Image-2025-05-06-at-8.01.18-PM-3-300x200.jpeg 300w, https:\/\/estado29.mx\/wp-content\/uploads\/2025\/05\/WhatsApp-Image-2025-05-06-at-8.01.18-PM-3-768x512.jpeg 768w, https:\/\/estado29.mx\/wp-content\/uploads\/2025\/05\/WhatsApp-Image-2025-05-06-at-8.01.18-PM-3-1536x1023.jpeg 1536w, https:\/\/estado29.mx\/wp-content\/uploads\/2025\/05\/WhatsApp-Image-2025-05-06-at-8.01.18-PM-3-750x500.jpeg 750w, https:\/\/estado29.mx\/wp-content\/uploads\/2025\/05\/WhatsApp-Image-2025-05-06-at-8.01.18-PM-3-1140x760.jpeg 1140w, https:\/\/estado29.mx\/wp-content\/uploads\/2025\/05\/WhatsApp-Image-2025-05-06-at-8.01.18-PM-3.jpeg 1600w\" sizes=\"auto, (max-width: 1024px) 100vw, 1024px\" \/><\/figure>\n\n\n\n<figure class=\"wp-block-image size-large\"><img loading=\"lazy\" decoding=\"async\" width=\"1024\" height=\"682\" data-id=\"95247\" src=\"https:\/\/estado29.mx\/wp-content\/uploads\/2025\/05\/WhatsApp-Image-2025-05-06-at-8.01.18-PM-2-1024x682.jpeg\" alt=\"\" class=\"wp-image-95247\" srcset=\"https:\/\/estado29.mx\/wp-content\/uploads\/2025\/05\/WhatsApp-Image-2025-05-06-at-8.01.18-PM-2-1024x682.jpeg 1024w, https:\/\/estado29.mx\/wp-content\/uploads\/2025\/05\/WhatsApp-Image-2025-05-06-at-8.01.18-PM-2-300x200.jpeg 300w, https:\/\/estado29.mx\/wp-content\/uploads\/2025\/05\/WhatsApp-Image-2025-05-06-at-8.01.18-PM-2-768x512.jpeg 768w, https:\/\/estado29.mx\/wp-content\/uploads\/2025\/05\/WhatsApp-Image-2025-05-06-at-8.01.18-PM-2-1536x1023.jpeg 1536w, https:\/\/estado29.mx\/wp-content\/uploads\/2025\/05\/WhatsApp-Image-2025-05-06-at-8.01.18-PM-2-750x500.jpeg 750w, https:\/\/estado29.mx\/wp-content\/uploads\/2025\/05\/WhatsApp-Image-2025-05-06-at-8.01.18-PM-2-1140x760.jpeg 1140w, https:\/\/estado29.mx\/wp-content\/uploads\/2025\/05\/WhatsApp-Image-2025-05-06-at-8.01.18-PM-2.jpeg 1600w\" sizes=\"auto, (max-width: 1024px) 100vw, 1024px\" \/><\/figure>\n\n\n\n<figure class=\"wp-block-image size-large\"><img loading=\"lazy\" decoding=\"async\" width=\"1024\" height=\"682\" data-id=\"95246\" src=\"https:\/\/estado29.mx\/wp-content\/uploads\/2025\/05\/WhatsApp-Image-2025-05-06-at-8.01.18-PM-1024x682.jpeg\" alt=\"\" class=\"wp-image-95246\" srcset=\"https:\/\/estado29.mx\/wp-content\/uploads\/2025\/05\/WhatsApp-Image-2025-05-06-at-8.01.18-PM-1024x682.jpeg 1024w, https:\/\/estado29.mx\/wp-content\/uploads\/2025\/05\/WhatsApp-Image-2025-05-06-at-8.01.18-PM-300x200.jpeg 300w, https:\/\/estado29.mx\/wp-content\/uploads\/2025\/05\/WhatsApp-Image-2025-05-06-at-8.01.18-PM-768x512.jpeg 768w, https:\/\/estado29.mx\/wp-content\/uploads\/2025\/05\/WhatsApp-Image-2025-05-06-at-8.01.18-PM-1536x1023.jpeg 1536w, https:\/\/estado29.mx\/wp-content\/uploads\/2025\/05\/WhatsApp-Image-2025-05-06-at-8.01.18-PM-750x500.jpeg 750w, https:\/\/estado29.mx\/wp-content\/uploads\/2025\/05\/WhatsApp-Image-2025-05-06-at-8.01.18-PM-1140x760.jpeg 1140w, https:\/\/estado29.mx\/wp-content\/uploads\/2025\/05\/WhatsApp-Image-2025-05-06-at-8.01.18-PM.jpeg 1600w\" sizes=\"auto, (max-width: 1024px) 100vw, 1024px\" \/><\/figure>\n<\/figure>\n\n\n\n<p>Durante su intervenci\u00f3n, el presidente Alfonso S\u00e1nchez Garc\u00eda subray\u00f3 que este esfuerzo representa una acci\u00f3n concreta para fortalecer el derecho a la salud, como lo establece el art\u00edculo cuarto de la Constituci\u00f3n. \u201cCon este acuerdo, cumplimos nuestro compromiso de acercar servicios esenciales a la poblaci\u00f3n, consolidando una administraci\u00f3n sensible, que trabaja por el bienestar com\u00fan\u201d, expres\u00f3.<\/p>\n\n\n\n<p>Por su parte, el Dr. Ad\u00e1n Bernal Baltazar Lima destac\u00f3 la relevancia del convenio y reconoci\u00f3 el compromiso del presidente municipal. \u201cITAES cuenta con equipos \u00fanicos en el pa\u00eds, como el tom\u00f3grafo de \u00faltima generaci\u00f3n y pr\u00f3ximamente un resonador magn\u00e9tico de tres teslas, que ser\u00e1 el \u00fanico en su tipo en la regi\u00f3n. Este tipo de colaboraci\u00f3n permite que esos recursos lleguen a quienes m\u00e1s lo necesitan\u201d, afirm\u00f3.<\/p>\n\n\n\n<p>Asimismo, resalt\u00f3 que, por instrucciones de la gobernadora Lorena Cu\u00e9llar Cisneros, los servicios del ITAES est\u00e1n siendo extendidos sin costo a personas en situaci\u00f3n de vulnerabilidad, mujeres v\u00edctimas de violencia, personas privadas de la libertad, y otros grupos en riesgo social. En ese sentido, reconoci\u00f3 que la firma de este convenio coloca a Tlaxcala capital a la vanguardia en la construcci\u00f3n de un sistema de salud m\u00e1s justo, incluyente y eficiente.<\/p>\n\n\n\n<p>En el marco de este acto, el presidente Alfonso S\u00e1nchez tambi\u00e9n present\u00f3 la estrategia municipal \u201cJuntos por el Bien de Todos\u201d, que articula esfuerzos de los tres niveles de gobierno para llevar servicios de salud, educaci\u00f3n, alimentaci\u00f3n y bienestar directamente a las colonias y comunidades. Como parte de esta jornada integral, se entreg\u00f3 tambi\u00e9n la rehabilitaci\u00f3n de la calle Esmeralda, una vialidad prioritaria en la colonia La Joya, mejorando as\u00ed la movilidad y calidad de vida de sus habitantes.<\/p>\n","protected":false},"excerpt":{"rendered":"<p>En un esfuerzo conjunto por acercar servicios de salud especializada a las y los habitantes del municipio, el presidente municipal de Tlaxcala, Alfonso S\u00e1nchez Garc\u00eda, y el director del Instituto Tlaxcalteca de Asistencia Especializada (ITAES), Dr. Ad\u00e1n Bernal Baltazar Lima, firmaron un convenio de colaboraci\u00f3n que permitir\u00e1 garantizar atenci\u00f3n m\u00e9dica eficiente, oportuna y de calidad [&hellip;]<\/p>\n","protected":false},"author":4,"featured_media":95244,"comment_status":"open","ping_status":"open","sticky":false,"template":"","format":"standard","meta":{"om_disable_all_campaigns":false,"_monsterinsights_skip_tracking":false,"_monsterinsights_sitenote_active":false,"_monsterinsights_sitenote_note":"","_monsterinsights_sitenote_category":0,"jnews-multi-image_gallery":[],"jnews_single_post":{"format":"standard"},"jnews_primary_category":[],"footnotes":""},"categories":[1],"tags":[],"class_list":["post-95243","post","type-post","status-publish","format-standard","has-post-thumbnail","hentry","category-uncategorized"],"aioseo_notices":[],"_links":{"self":[{"href":"https:\/\/estado29.mx\/index.php?rest_route=\/wp\/v2\/posts\/95243","targetHints":{"allow":["GET"]}}],"collection":[{"href":"https:\/\/estado29.mx\/index.php?rest_route=\/wp\/v2\/posts"}],"about":[{"href":"https:\/\/estado29.mx\/index.php?rest_route=\/wp\/v2\/types\/post"}],"author":[{"embeddable":true,"href":"https:\/\/estado29.mx\/index.php?rest_route=\/wp\/v2\/users\/4"}],"replies":[{"embeddable":true,"href":"https:\/\/estado29.mx\/index.php?rest_route=%2Fwp%2Fv2%2Fcomments&post=95243"}],"version-history":[{"count":1,"href":"https:\/\/estado29.mx\/index.php?rest_route=\/wp\/v2\/posts\/95243\/revisions"}],"predecessor-version":[{"id":95249,"href":"https:\/\/estado29.mx\/index.php?rest_route=\/wp\/v2\/posts\/95243\/revisions\/95249"}],"wp:featuredmedia":[{"embeddable":true,"href":"https:\/\/estado29.mx\/index.php?rest_route=\/wp\/v2\/media\/95244"}],"wp:attachment":[{"href":"https:\/\/estado29.mx\/index.php?rest_route=%2Fwp%2Fv2%2Fmedia&parent=95243"}],"wp:term":[{"taxonomy":"category","embeddable":true,"href":"https:\/\/estado29.mx\/index.php?rest_route=%2Fwp%2Fv2%2Fcategories&post=95243"},{"taxonomy":"post_tag","embeddable":true,"href":"https:\/\/estado29.mx\/index.php?rest_route=%2Fwp%2Fv2%2Ftags&post=95243"}],"curies":[{"name":"wp","href":"https:\/\/api.w.org\/{rel}","templated":true}]}}