{"id":95256,"date":"2025-05-07T11:45:51","date_gmt":"2025-05-07T11:45:51","guid":{"rendered":"https:\/\/estado29.mx\/?p=95256"},"modified":"2025-06-13T02:49:10","modified_gmt":"2025-06-13T02:49:10","slug":"convocan-a-curso-de-capacitacion-en-control-de-incendios-forestales-en-atltzayanca","status":"publish","type":"post","link":"https:\/\/estado29.mx\/?p=95256","title":{"rendered":"Convocan a curso de capacitaci\u00f3n en control de incendios forestales en Atltzayanca."},"content":{"rendered":"\n<p>Paco Ugarte.<\/p>\n\n\n\n<p>El grupo \u201cFrente 12 de octubre\u201d perteneciente al municipio de Atltzayanca y recientemente creado, a ra\u00edz del incendio que consumi\u00f3 m\u00e1s de 2 mil hect\u00e1reas en el cerro de San Gabriel del municipio antes mencionado, ha iniciado con trabajo en pro del medio ambiente.<\/p>\n\n\n\n<p>Jessica Ba\u00f1uelos integrante del grupo, comparti\u00f3 que por esta raz\u00f3n es que ha lanzado una convocatoria para participar en el Curso de Capacitaci\u00f3n en Control de Incendios Forestales, una actividad fundamental para fortalecer nuestros conocimientos y habilidades en la prevenci\u00f3n y combate de incendios.<\/p>\n\n\n\n<p>La actividad se desarrollar\u00e1 este 17 y 18 de mayo de 9 de la ma\u00f1ana a 5 de la tarde en la Casa Ejidal de Atltzayanca ubicada en calle 2 poniente No.9 impartida por Refugio Garc\u00eda Aguilar, Responsable de las \u00c1reas Naturales Protegidas en la zona sur de la Ciudad de M\u00e9xico<\/p>\n\n\n\n<p>Es de mencionar que el curso no tendr\u00e1 costo alguno, mientras que en caso de ser menor de edad se deber\u00e1 entregar una carta de autorizaci\u00f3n por parte de los padres y\/o asistir en compa\u00f1\u00eda de un adulto, adem\u00e1s que de los participantes deber\u00e1n d\u00edas asistir con lunch, agua, electrolitos o suero.<\/p>\n","protected":false},"excerpt":{"rendered":"<p>Paco Ugarte. El grupo \u201cFrente 12 de octubre\u201d perteneciente al municipio de Atltzayanca y recientemente creado, a ra\u00edz del incendio que consumi\u00f3 m\u00e1s de 2 mil hect\u00e1reas en el cerro de San Gabriel del municipio antes mencionado, ha iniciado con trabajo en pro del medio ambiente. Jessica Ba\u00f1uelos integrante del grupo, comparti\u00f3 que por esta [&hellip;]<\/p>\n","protected":false},"author":5,"featured_media":95257,"comment_status":"open","ping_status":"open","sticky":false,"template":"","format":"standard","meta":{"om_disable_all_campaigns":false,"_monsterinsights_skip_tracking":false,"_monsterinsights_sitenote_active":false,"_monsterinsights_sitenote_note":"","_monsterinsights_sitenote_category":0,"jnews-multi-image_gallery":[],"jnews_single_post":{"format":"standard"},"jnews_primary_category":[],"footnotes":""},"categories":[1],"tags":[],"class_list":["post-95256","post","type-post","status-publish","format-standard","has-post-thumbnail","hentry","category-uncategorized"],"aioseo_notices":[],"_links":{"self":[{"href":"https:\/\/estado29.mx\/index.php?rest_route=\/wp\/v2\/posts\/95256","targetHints":{"allow":["GET"]}}],"collection":[{"href":"https:\/\/estado29.mx\/index.php?rest_route=\/wp\/v2\/posts"}],"about":[{"href":"https:\/\/estado29.mx\/index.php?rest_route=\/wp\/v2\/types\/post"}],"author":[{"embeddable":true,"href":"https:\/\/estado29.mx\/index.php?rest_route=\/wp\/v2\/users\/5"}],"replies":[{"embeddable":true,"href":"https:\/\/estado29.mx\/index.php?rest_route=%2Fwp%2Fv2%2Fcomments&post=95256"}],"version-history":[{"count":1,"href":"https:\/\/estado29.mx\/index.php?rest_route=\/wp\/v2\/posts\/95256\/revisions"}],"predecessor-version":[{"id":95258,"href":"https:\/\/estado29.mx\/index.php?rest_route=\/wp\/v2\/posts\/95256\/revisions\/95258"}],"wp:featuredmedia":[{"embeddable":true,"href":"https:\/\/estado29.mx\/index.php?rest_route=\/wp\/v2\/media\/95257"}],"wp:attachment":[{"href":"https:\/\/estado29.mx\/index.php?rest_route=%2Fwp%2Fv2%2Fmedia&parent=95256"}],"wp:term":[{"taxonomy":"category","embeddable":true,"href":"https:\/\/estado29.mx\/index.php?rest_route=%2Fwp%2Fv2%2Fcategories&post=95256"},{"taxonomy":"post_tag","embeddable":true,"href":"https:\/\/estado29.mx\/index.php?rest_route=%2Fwp%2Fv2%2Ftags&post=95256"}],"curies":[{"name":"wp","href":"https:\/\/api.w.org\/{rel}","templated":true}]}}