{"id":95265,"date":"2025-05-07T10:03:55","date_gmt":"2025-05-07T10:03:55","guid":{"rendered":"https:\/\/estado29.mx\/?p=95265"},"modified":"2025-06-13T02:48:44","modified_gmt":"2025-06-13T02:48:44","slug":"iniciara-gobierno-de-huamantla-este-miercoles-la-caravana-de-obsequios-para-las-mamas","status":"publish","type":"post","link":"https:\/\/estado29.mx\/?p=95265","title":{"rendered":"Iniciar\u00e1 Gobierno de Huamantla este mi\u00e9rcoles la caravana de obsequios para las mam\u00e1s"},"content":{"rendered":"<figure class=\"wp-block-post-featured-image\"><img loading=\"lazy\" decoding=\"async\" width=\"1279\" height=\"1600\" src=\"https:\/\/estado29.mx\/wp-content\/uploads\/2025\/05\/CARTEL-PRIMER-DIA-DE-GIRA-DIA-DE-LAS-MADRES.jpeg\" class=\"attachment-post-thumbnail size-post-thumbnail wp-post-image\" alt=\"\" style=\"object-fit:cover;\" srcset=\"https:\/\/estado29.mx\/wp-content\/uploads\/2025\/05\/CARTEL-PRIMER-DIA-DE-GIRA-DIA-DE-LAS-MADRES.jpeg 1279w, https:\/\/estado29.mx\/wp-content\/uploads\/2025\/05\/CARTEL-PRIMER-DIA-DE-GIRA-DIA-DE-LAS-MADRES-240x300.jpeg 240w, https:\/\/estado29.mx\/wp-content\/uploads\/2025\/05\/CARTEL-PRIMER-DIA-DE-GIRA-DIA-DE-LAS-MADRES-819x1024.jpeg 819w, https:\/\/estado29.mx\/wp-content\/uploads\/2025\/05\/CARTEL-PRIMER-DIA-DE-GIRA-DIA-DE-LAS-MADRES-768x961.jpeg 768w, https:\/\/estado29.mx\/wp-content\/uploads\/2025\/05\/CARTEL-PRIMER-DIA-DE-GIRA-DIA-DE-LAS-MADRES-1228x1536.jpeg 1228w, https:\/\/estado29.mx\/wp-content\/uploads\/2025\/05\/CARTEL-PRIMER-DIA-DE-GIRA-DIA-DE-LAS-MADRES-750x938.jpeg 750w, https:\/\/estado29.mx\/wp-content\/uploads\/2025\/05\/CARTEL-PRIMER-DIA-DE-GIRA-DIA-DE-LAS-MADRES-1140x1426.jpeg 1140w\" sizes=\"auto, (max-width: 1279px) 100vw, 1279px\" \/><\/figure>\n\n\n<p>Este mi\u00e9rcoles 7 de mayo, el Gobierno Municipal de Huamantla, encabezado por Salvador Santos Cedillo, iniciar\u00e1 la caravana de obsequios para las mam\u00e1s huamantlecas en la comunidad de Chapultepec, como muestra de reconocimiento a su amor, entrega y dedicaci\u00f3n incondicional.<\/p>\n\n\n\n<p>Adem\u00e1s de Chapultepec, la caravana recorrer\u00e1 a lo largo del d\u00eda las poblaciones de&nbsp;Morelos, Francisco Villa, L\u00e1zaro C\u00e1rdenas, San Francisco Yancuitlalpan, barrio de San Jos\u00e9, as\u00ed como Mauro Angulo, San Jos\u00e9 Teacalco, Cuauht\u00e9moc, Francisco Villa Tecoac, San Francisco Notario y Santa Mar\u00eda Yancuitlalpan.<\/p>\n\n\n\n<p>El recorrido iniciar\u00e1&nbsp;a las 8:00 horas y concluir\u00e1 a las 18:00 horas, con el objetivo de llegar hasta los hogares m\u00e1s alejados y compartir un momento especial con las madres del municipio.<\/p>\n\n\n\n<p>\u201cLas mam\u00e1s son el coraz\u00f3n de nuestras familias, y en Huamantla las celebramos como se merecen\u201d, afirm\u00f3 el Presidente Municipal Salvador Santos Cedillo, al invitar a todas las mujeres a estar pendientes de las fechas y horarios de esta gira.<\/p>\n\n\n\n<p>Esta actividad se realiza en coordinaci\u00f3n con el Sistema Municipal para el Desarrollo Integral de la Familia (SMDIF), y los \u00fanicos requisitos para recibir el obsequio son presentar copia de la INE y CURP.<\/p>\n\n\n\n<p>De esta manera, se reitera la invitaci\u00f3n a todas las mam\u00e1s a acudir a las presidencias de comunidad correspondientes durante este 7, 8 y 9 de mayo y disfrutar de este merecido homenaje en su d\u00eda.<\/p>\n","protected":false},"excerpt":{"rendered":"<p>Este mi\u00e9rcoles 7 de mayo, el Gobierno Municipal de Huamantla, encabezado por Salvador Santos Cedillo, iniciar\u00e1 la caravana de obsequios para las mam\u00e1s huamantlecas en la comunidad de Chapultepec, como muestra de reconocimiento a su amor, entrega y dedicaci\u00f3n incondicional. Adem\u00e1s de Chapultepec, la caravana recorrer\u00e1 a lo largo del d\u00eda las poblaciones de&nbsp;Morelos, Francisco [&hellip;]<\/p>\n","protected":false},"author":9,"featured_media":95266,"comment_status":"open","ping_status":"open","sticky":false,"template":"","format":"standard","meta":{"om_disable_all_campaigns":false,"_monsterinsights_skip_tracking":false,"_monsterinsights_sitenote_active":false,"_monsterinsights_sitenote_note":"","_monsterinsights_sitenote_category":0,"jnews-multi-image_gallery":[],"jnews_single_post":{"format":"standard"},"jnews_primary_category":[],"footnotes":""},"categories":[1],"tags":[],"class_list":["post-95265","post","type-post","status-publish","format-standard","has-post-thumbnail","hentry","category-uncategorized"],"aioseo_notices":[],"_links":{"self":[{"href":"https:\/\/estado29.mx\/index.php?rest_route=\/wp\/v2\/posts\/95265","targetHints":{"allow":["GET"]}}],"collection":[{"href":"https:\/\/estado29.mx\/index.php?rest_route=\/wp\/v2\/posts"}],"about":[{"href":"https:\/\/estado29.mx\/index.php?rest_route=\/wp\/v2\/types\/post"}],"author":[{"embeddable":true,"href":"https:\/\/estado29.mx\/index.php?rest_route=\/wp\/v2\/users\/9"}],"replies":[{"embeddable":true,"href":"https:\/\/estado29.mx\/index.php?rest_route=%2Fwp%2Fv2%2Fcomments&post=95265"}],"version-history":[{"count":1,"href":"https:\/\/estado29.mx\/index.php?rest_route=\/wp\/v2\/posts\/95265\/revisions"}],"predecessor-version":[{"id":95267,"href":"https:\/\/estado29.mx\/index.php?rest_route=\/wp\/v2\/posts\/95265\/revisions\/95267"}],"wp:featuredmedia":[{"embeddable":true,"href":"https:\/\/estado29.mx\/index.php?rest_route=\/wp\/v2\/media\/95266"}],"wp:attachment":[{"href":"https:\/\/estado29.mx\/index.php?rest_route=%2Fwp%2Fv2%2Fmedia&parent=95265"}],"wp:term":[{"taxonomy":"category","embeddable":true,"href":"https:\/\/estado29.mx\/index.php?rest_route=%2Fwp%2Fv2%2Fcategories&post=95265"},{"taxonomy":"post_tag","embeddable":true,"href":"https:\/\/estado29.mx\/index.php?rest_route=%2Fwp%2Fv2%2Ftags&post=95265"}],"curies":[{"name":"wp","href":"https:\/\/api.w.org\/{rel}","templated":true}]}}