{"id":95268,"date":"2025-05-07T10:12:19","date_gmt":"2025-05-07T10:12:19","guid":{"rendered":"https:\/\/estado29.mx\/?p=95268"},"modified":"2025-06-13T02:48:33","modified_gmt":"2025-06-13T02:48:33","slug":"cumple-alfonso-sanchez-compromiso-con-la-joya-y-entrega-la-calle-esmeralda","status":"publish","type":"post","link":"https:\/\/estado29.mx\/?p=95268","title":{"rendered":"Cumple Alfonso S\u00e1nchez compromiso con La Joya y entrega la calle Esmeralda"},"content":{"rendered":"<figure class=\"wp-block-post-featured-image\"><img loading=\"lazy\" decoding=\"async\" width=\"1600\" height=\"1066\" src=\"https:\/\/estado29.mx\/wp-content\/uploads\/2025\/05\/IMG-20250507-WA0267.jpg\" class=\"attachment-post-thumbnail size-post-thumbnail wp-post-image\" alt=\"\" style=\"object-fit:cover;\" srcset=\"https:\/\/estado29.mx\/wp-content\/uploads\/2025\/05\/IMG-20250507-WA0267.jpg 1600w, https:\/\/estado29.mx\/wp-content\/uploads\/2025\/05\/IMG-20250507-WA0267-300x200.jpg 300w, https:\/\/estado29.mx\/wp-content\/uploads\/2025\/05\/IMG-20250507-WA0267-1024x682.jpg 1024w, https:\/\/estado29.mx\/wp-content\/uploads\/2025\/05\/IMG-20250507-WA0267-768x512.jpg 768w, https:\/\/estado29.mx\/wp-content\/uploads\/2025\/05\/IMG-20250507-WA0267-1536x1023.jpg 1536w, https:\/\/estado29.mx\/wp-content\/uploads\/2025\/05\/IMG-20250507-WA0267-750x500.jpg 750w, https:\/\/estado29.mx\/wp-content\/uploads\/2025\/05\/IMG-20250507-WA0267-1140x760.jpg 1140w\" sizes=\"auto, (max-width: 1600px) 100vw, 1600px\" \/><\/figure>\n\n\n<p>Conecta a esta importante Delegaci\u00f3n con San Gabriel, Ocotl\u00e1n y la Ciudad de Tlaxcala<\/p>\n\n\n\n<p>Como parte del programa integral de mejora a la infraestructura vial del municipio, el presidente municipal de Tlaxcala, Alfonso S\u00e1nchez Garc\u00eda, entreg\u00f3 la rehabilitaci\u00f3n total de la calle Esmeralda, en la colonia La Joya, una v\u00eda estrat\u00e9gica que conecta con San Gabriel, Ocotl\u00e1n y la Ciudad de Tlaxcala, que hoy se transforma en una arteria segura, funcional y digna para m\u00e1s de 8 mil habitantes.<\/p>\n\n\n\n<p>La obra fue ejecutada con una inversi\u00f3n de 3.8 millones de pesos provenientes del Fondo de Aportaciones para la Infraestructura Social Municipal (FAISMUN), y forma parte del plan de recuperaci\u00f3n de vialidades que la actual administraci\u00f3n implementa desde el inicio de su gesti\u00f3n.<\/p>\n\n\n\n<p>Los trabajos incluyeron la rehabilitaci\u00f3n de 3 mil metros cuadrados de carpeta asf\u00e1ltica, 807 metros lineales de guarniciones, mil 50 metros cuadrados de banquetas, se\u00f1alamiento vial, pasos peatonales, topes y mejoras en \u00e1reas verdes, con la colocaci\u00f3n de barandales y elementos de protecci\u00f3n con adoqu\u00edn.<\/p>\n\n\n\n<p>Durante su mensaje, el presidente municipal reafirm\u00f3 que esta obra responde directamente a los planteamientos hechos por los vecinos durante los recorridos de campa\u00f1a, y asegur\u00f3 que su gobierno trabaja con planeaci\u00f3n y compromiso para cerrar las brechas de desigualdad urbana. \u201cEsta calle no solo facilita el tr\u00e1nsito y mejora la imagen urbana, tambi\u00e9n representa el cumplimiento de la palabra empe\u00f1ada con las familias de La Joya\u201d, expres\u00f3.<\/p>\n\n\n\n<figure class=\"wp-block-gallery has-nested-images columns-default is-cropped wp-block-gallery-1 is-layout-flex wp-block-gallery-is-layout-flex\">\n<figure class=\"wp-block-image size-large\"><img loading=\"lazy\" decoding=\"async\" width=\"1024\" height=\"682\" data-id=\"95270\" src=\"https:\/\/estado29.mx\/wp-content\/uploads\/2025\/05\/1000361331-1024x682.jpg\" alt=\"\" class=\"wp-image-95270\" srcset=\"https:\/\/estado29.mx\/wp-content\/uploads\/2025\/05\/1000361331-1024x682.jpg 1024w, https:\/\/estado29.mx\/wp-content\/uploads\/2025\/05\/1000361331-300x200.jpg 300w, https:\/\/estado29.mx\/wp-content\/uploads\/2025\/05\/1000361331-768x512.jpg 768w, https:\/\/estado29.mx\/wp-content\/uploads\/2025\/05\/1000361331-1536x1023.jpg 1536w, https:\/\/estado29.mx\/wp-content\/uploads\/2025\/05\/1000361331-750x500.jpg 750w, https:\/\/estado29.mx\/wp-content\/uploads\/2025\/05\/1000361331-1140x760.jpg 1140w, https:\/\/estado29.mx\/wp-content\/uploads\/2025\/05\/1000361331.jpg 1600w\" sizes=\"auto, (max-width: 1024px) 100vw, 1024px\" \/><\/figure>\n\n\n\n<figure class=\"wp-block-image size-large\"><img loading=\"lazy\" decoding=\"async\" width=\"1024\" height=\"682\" data-id=\"95273\" src=\"https:\/\/estado29.mx\/wp-content\/uploads\/2025\/05\/1000361332-1024x682.jpg\" alt=\"\" class=\"wp-image-95273\" srcset=\"https:\/\/estado29.mx\/wp-content\/uploads\/2025\/05\/1000361332-1024x682.jpg 1024w, https:\/\/estado29.mx\/wp-content\/uploads\/2025\/05\/1000361332-300x200.jpg 300w, https:\/\/estado29.mx\/wp-content\/uploads\/2025\/05\/1000361332-768x512.jpg 768w, https:\/\/estado29.mx\/wp-content\/uploads\/2025\/05\/1000361332-1536x1023.jpg 1536w, https:\/\/estado29.mx\/wp-content\/uploads\/2025\/05\/1000361332-750x500.jpg 750w, https:\/\/estado29.mx\/wp-content\/uploads\/2025\/05\/1000361332-1140x760.jpg 1140w, https:\/\/estado29.mx\/wp-content\/uploads\/2025\/05\/1000361332.jpg 1600w\" sizes=\"auto, (max-width: 1024px) 100vw, 1024px\" \/><\/figure>\n\n\n\n<figure class=\"wp-block-image size-large\"><img loading=\"lazy\" decoding=\"async\" width=\"1024\" height=\"682\" data-id=\"95271\" src=\"https:\/\/estado29.mx\/wp-content\/uploads\/2025\/05\/1000361333-1024x682.jpg\" alt=\"\" class=\"wp-image-95271\" srcset=\"https:\/\/estado29.mx\/wp-content\/uploads\/2025\/05\/1000361333-1024x682.jpg 1024w, https:\/\/estado29.mx\/wp-content\/uploads\/2025\/05\/1000361333-300x200.jpg 300w, https:\/\/estado29.mx\/wp-content\/uploads\/2025\/05\/1000361333-768x512.jpg 768w, https:\/\/estado29.mx\/wp-content\/uploads\/2025\/05\/1000361333-1536x1023.jpg 1536w, https:\/\/estado29.mx\/wp-content\/uploads\/2025\/05\/1000361333-750x500.jpg 750w, https:\/\/estado29.mx\/wp-content\/uploads\/2025\/05\/1000361333-1140x760.jpg 1140w, https:\/\/estado29.mx\/wp-content\/uploads\/2025\/05\/1000361333.jpg 1600w\" sizes=\"auto, (max-width: 1024px) 100vw, 1024px\" \/><\/figure>\n\n\n\n<figure class=\"wp-block-image size-large\"><img loading=\"lazy\" decoding=\"async\" width=\"1024\" height=\"682\" data-id=\"95274\" src=\"https:\/\/estado29.mx\/wp-content\/uploads\/2025\/05\/1000361334-1024x682.jpg\" alt=\"\" class=\"wp-image-95274\" srcset=\"https:\/\/estado29.mx\/wp-content\/uploads\/2025\/05\/1000361334-1024x682.jpg 1024w, https:\/\/estado29.mx\/wp-content\/uploads\/2025\/05\/1000361334-300x200.jpg 300w, https:\/\/estado29.mx\/wp-content\/uploads\/2025\/05\/1000361334-768x512.jpg 768w, https:\/\/estado29.mx\/wp-content\/uploads\/2025\/05\/1000361334-1536x1023.jpg 1536w, https:\/\/estado29.mx\/wp-content\/uploads\/2025\/05\/1000361334-750x500.jpg 750w, https:\/\/estado29.mx\/wp-content\/uploads\/2025\/05\/1000361334-1140x760.jpg 1140w, https:\/\/estado29.mx\/wp-content\/uploads\/2025\/05\/1000361334.jpg 1600w\" sizes=\"auto, (max-width: 1024px) 100vw, 1024px\" \/><\/figure>\n\n\n\n<figure class=\"wp-block-image size-large\"><img loading=\"lazy\" decoding=\"async\" width=\"1024\" height=\"682\" data-id=\"95272\" src=\"https:\/\/estado29.mx\/wp-content\/uploads\/2025\/05\/1000361335-1024x682.jpg\" alt=\"\" class=\"wp-image-95272\" srcset=\"https:\/\/estado29.mx\/wp-content\/uploads\/2025\/05\/1000361335-1024x682.jpg 1024w, https:\/\/estado29.mx\/wp-content\/uploads\/2025\/05\/1000361335-300x200.jpg 300w, https:\/\/estado29.mx\/wp-content\/uploads\/2025\/05\/1000361335-768x512.jpg 768w, https:\/\/estado29.mx\/wp-content\/uploads\/2025\/05\/1000361335-1536x1023.jpg 1536w, https:\/\/estado29.mx\/wp-content\/uploads\/2025\/05\/1000361335-750x500.jpg 750w, https:\/\/estado29.mx\/wp-content\/uploads\/2025\/05\/1000361335-1140x760.jpg 1140w, https:\/\/estado29.mx\/wp-content\/uploads\/2025\/05\/1000361335.jpg 1600w\" sizes=\"auto, (max-width: 1024px) 100vw, 1024px\" \/><\/figure>\n<\/figure>\n\n\n\n<p>Por su parte, el director de Obras P\u00fablicas, Iram Papaqui, subray\u00f3 que esta intervenci\u00f3n se suma a otras acciones como el programa de bacheo permanente, la rehabilitaci\u00f3n de redes hidr\u00e1ulicas, el drenaje en Justo Sierra, el alumbrado p\u00fablico en comunidades como Atlahapa, y proyectos mayores como el Centro de Control C2 y la dignificaci\u00f3n del Centro Hist\u00f3rico.<\/p>\n\n\n\n<p>El gobierno municipal agradeci\u00f3 la colaboraci\u00f3n de la delegada Mar\u00eda Teresa Covarrubias \u00c1lvarez y reconoci\u00f3 el respaldo institucional de la gobernadora Lorena Cu\u00e9llar Cisneros, con quien se mantiene una coordinaci\u00f3n constante para ejecutar proyectos que eleven la calidad de vida de la poblaci\u00f3n.<\/p>\n\n\n\n<p>La calle Esmeralda es hoy un ejemplo del impacto positivo que tiene una administraci\u00f3n que prioriza la infraestructura urbana como base del bienestar social y la movilidad segura.<\/p>\n","protected":false},"excerpt":{"rendered":"<p>Conecta a esta importante Delegaci\u00f3n con San Gabriel, Ocotl\u00e1n y la Ciudad de Tlaxcala Como parte del programa integral de mejora a la infraestructura vial del municipio, el presidente municipal de Tlaxcala, Alfonso S\u00e1nchez Garc\u00eda, entreg\u00f3 la rehabilitaci\u00f3n total de la calle Esmeralda, en la colonia La Joya, una v\u00eda estrat\u00e9gica que conecta con San [&hellip;]<\/p>\n","protected":false},"author":4,"featured_media":95269,"comment_status":"open","ping_status":"open","sticky":false,"template":"","format":"standard","meta":{"om_disable_all_campaigns":false,"_monsterinsights_skip_tracking":false,"_monsterinsights_sitenote_active":false,"_monsterinsights_sitenote_note":"","_monsterinsights_sitenote_category":0,"jnews-multi-image_gallery":[],"jnews_single_post":{"format":"standard"},"jnews_primary_category":[],"footnotes":""},"categories":[1],"tags":[],"class_list":["post-95268","post","type-post","status-publish","format-standard","has-post-thumbnail","hentry","category-uncategorized"],"aioseo_notices":[],"_links":{"self":[{"href":"https:\/\/estado29.mx\/index.php?rest_route=\/wp\/v2\/posts\/95268","targetHints":{"allow":["GET"]}}],"collection":[{"href":"https:\/\/estado29.mx\/index.php?rest_route=\/wp\/v2\/posts"}],"about":[{"href":"https:\/\/estado29.mx\/index.php?rest_route=\/wp\/v2\/types\/post"}],"author":[{"embeddable":true,"href":"https:\/\/estado29.mx\/index.php?rest_route=\/wp\/v2\/users\/4"}],"replies":[{"embeddable":true,"href":"https:\/\/estado29.mx\/index.php?rest_route=%2Fwp%2Fv2%2Fcomments&post=95268"}],"version-history":[{"count":1,"href":"https:\/\/estado29.mx\/index.php?rest_route=\/wp\/v2\/posts\/95268\/revisions"}],"predecessor-version":[{"id":95275,"href":"https:\/\/estado29.mx\/index.php?rest_route=\/wp\/v2\/posts\/95268\/revisions\/95275"}],"wp:featuredmedia":[{"embeddable":true,"href":"https:\/\/estado29.mx\/index.php?rest_route=\/wp\/v2\/media\/95269"}],"wp:attachment":[{"href":"https:\/\/estado29.mx\/index.php?rest_route=%2Fwp%2Fv2%2Fmedia&parent=95268"}],"wp:term":[{"taxonomy":"category","embeddable":true,"href":"https:\/\/estado29.mx\/index.php?rest_route=%2Fwp%2Fv2%2Fcategories&post=95268"},{"taxonomy":"post_tag","embeddable":true,"href":"https:\/\/estado29.mx\/index.php?rest_route=%2Fwp%2Fv2%2Ftags&post=95268"}],"curies":[{"name":"wp","href":"https:\/\/api.w.org\/{rel}","templated":true}]}}