{"id":95281,"date":"2025-05-08T13:01:13","date_gmt":"2025-05-08T13:01:13","guid":{"rendered":"https:\/\/estado29.mx\/?p=95281"},"modified":"2025-06-13T03:12:49","modified_gmt":"2025-06-13T03:12:49","slug":"presentan-actividades-de-la-segunda-marcha-lgbtttiq-en-huamantla","status":"publish","type":"post","link":"https:\/\/estado29.mx\/?p=95281","title":{"rendered":"Presentan actividades de la segunda marcha LGBTTTIQ+ en Huamantla."},"content":{"rendered":"\n<p>Bajo el lema \u201cDerribando muros, celebrando la libertad de ser\u201d esta tarde el Comit\u00e9 organizador present\u00f3 la segunda edici\u00f3n de la Marcha LGBTTTIQ+ en Huamantla<\/p>\n\n\n\n<p>Entre otras actividades que estar\u00e1n programadas ser\u00e1n del 26 al 28 como pl\u00e1ticas, explosiones art\u00edsticas, foros y demas acciones con lo que se busca generar la inclusi\u00f3n, participaci\u00f3n y espacios de no discriminaci\u00f3n.<\/p>\n\n\n\n<p>La segunda edici\u00f3n de la marcha se desarrollar\u00e1 el pr\u00f3ximo 31 de mayo a partir de las 3:00 de la tarde comenzando en la calle Hidalgo hasta concluir en el parque Ju\u00e1rez, agradeciendo a las autoridades locales el apoyo y esperando contar con mayor participaci\u00f3n que en la primera edici\u00f3n.<\/p>\n","protected":false},"excerpt":{"rendered":"<p>Bajo el lema \u201cDerribando muros, celebrando la libertad de ser\u201d esta tarde el Comit\u00e9 organizador present\u00f3 la segunda edici\u00f3n de la Marcha LGBTTTIQ+ en Huamantla Entre otras actividades que estar\u00e1n programadas ser\u00e1n del 26 al 28 como pl\u00e1ticas, explosiones art\u00edsticas, foros y demas acciones con lo que se busca generar la inclusi\u00f3n, participaci\u00f3n y espacios [&hellip;]<\/p>\n","protected":false},"author":5,"featured_media":95282,"comment_status":"open","ping_status":"open","sticky":false,"template":"","format":"standard","meta":{"om_disable_all_campaigns":false,"_monsterinsights_skip_tracking":false,"_monsterinsights_sitenote_active":false,"_monsterinsights_sitenote_note":"","_monsterinsights_sitenote_category":0,"jnews-multi-image_gallery":[],"jnews_single_post":{"format":"standard"},"jnews_primary_category":[],"footnotes":""},"categories":[1],"tags":[],"class_list":["post-95281","post","type-post","status-publish","format-standard","has-post-thumbnail","hentry","category-uncategorized"],"aioseo_notices":[],"_links":{"self":[{"href":"https:\/\/estado29.mx\/index.php?rest_route=\/wp\/v2\/posts\/95281","targetHints":{"allow":["GET"]}}],"collection":[{"href":"https:\/\/estado29.mx\/index.php?rest_route=\/wp\/v2\/posts"}],"about":[{"href":"https:\/\/estado29.mx\/index.php?rest_route=\/wp\/v2\/types\/post"}],"author":[{"embeddable":true,"href":"https:\/\/estado29.mx\/index.php?rest_route=\/wp\/v2\/users\/5"}],"replies":[{"embeddable":true,"href":"https:\/\/estado29.mx\/index.php?rest_route=%2Fwp%2Fv2%2Fcomments&post=95281"}],"version-history":[{"count":1,"href":"https:\/\/estado29.mx\/index.php?rest_route=\/wp\/v2\/posts\/95281\/revisions"}],"predecessor-version":[{"id":95283,"href":"https:\/\/estado29.mx\/index.php?rest_route=\/wp\/v2\/posts\/95281\/revisions\/95283"}],"wp:featuredmedia":[{"embeddable":true,"href":"https:\/\/estado29.mx\/index.php?rest_route=\/wp\/v2\/media\/95282"}],"wp:attachment":[{"href":"https:\/\/estado29.mx\/index.php?rest_route=%2Fwp%2Fv2%2Fmedia&parent=95281"}],"wp:term":[{"taxonomy":"category","embeddable":true,"href":"https:\/\/estado29.mx\/index.php?rest_route=%2Fwp%2Fv2%2Fcategories&post=95281"},{"taxonomy":"post_tag","embeddable":true,"href":"https:\/\/estado29.mx\/index.php?rest_route=%2Fwp%2Fv2%2Ftags&post=95281"}],"curies":[{"name":"wp","href":"https:\/\/api.w.org\/{rel}","templated":true}]}}