{"id":95285,"date":"2025-05-08T16:17:42","date_gmt":"2025-05-08T16:17:42","guid":{"rendered":"https:\/\/estado29.mx\/?p=95285"},"modified":"2025-06-13T03:12:40","modified_gmt":"2025-06-13T03:12:40","slug":"mas-de-1300-mamas-disfrutan-el-primer-dia-de-caravana-del-dia-de-las-madres-en-huamantla","status":"publish","type":"post","link":"https:\/\/estado29.mx\/?p=95285","title":{"rendered":"M\u00e1s de 1300 mam\u00e1s disfrutan el primer d\u00eda de caravana del D\u00eda de las Madres en Huamantla."},"content":{"rendered":"\n<p>Paco Ugarte.<\/p>\n\n\n\n<p>La Presidenta del Sistema de Desarrollo Integral de la Familia (SDIF) en Huamantla, Rocio Hern\u00e1ndez Castillo, dio a conocer que el primer d\u00eda de la caravana del d\u00eda de las madres fue todo un \u00e9xito.<\/p>\n\n\n\n<p>Se\u00f1al\u00f3 que las comunidades visitadas fueron Chapultepec, Mauro Angulo, San Jos\u00e9 Teacalco, Jos\u00e9 Maria Morelos, Cuauht\u00e9moc, Francisco Villa, L\u00e1zaro C\u00e1rdenas, San Francisco Notario, San Francisco y Santa Mar\u00eda Yancuitlalpan adem\u00e1s del barrio de San Jos\u00e9.<\/p>\n\n\n\n<p>Puntualiz\u00f3 que cientos de regalos fueron repartidos a m\u00e1s de 1300 familias aproximadamente, quienes acudieron a sus presidencias de comunidad para recibir un boleto que ser\u00eda cambiado por un detalle.<\/p>\n\n\n\n<p>Hernandez Castillo, se\u00f1al\u00f3 que la CURP y el INE son requisitos que solicita el \u00d3rgano de Fiscalizaci\u00f3n para comprobar los regalos brindados por tan importante fecha.<\/p>\n\n\n\n<p>En tanto este 8 de mayo se visitar\u00e1 Altamira de Guadalupe, Pueblo de Jes\u00fas, Mariano Matamoros, Pueblo de la Cruz, San Antonio, La Preciosa, San Lucas, Santa Anita, Hermenegildo Galena, El Carmen y San Diego Xalpatlahuaya, Acasillados de San Mart\u00edn Notario y la Colonia Emiliano Zapata.<\/p>\n","protected":false},"excerpt":{"rendered":"<p>Paco Ugarte. La Presidenta del Sistema de Desarrollo Integral de la Familia (SDIF) en Huamantla, Rocio Hern\u00e1ndez Castillo, dio a conocer que el primer d\u00eda de la caravana del d\u00eda de las madres fue todo un \u00e9xito. Se\u00f1al\u00f3 que las comunidades visitadas fueron Chapultepec, Mauro Angulo, San Jos\u00e9 Teacalco, Jos\u00e9 Maria Morelos, Cuauht\u00e9moc, Francisco Villa, [&hellip;]<\/p>\n","protected":false},"author":5,"featured_media":95289,"comment_status":"open","ping_status":"open","sticky":false,"template":"","format":"standard","meta":{"om_disable_all_campaigns":false,"_monsterinsights_skip_tracking":false,"_monsterinsights_sitenote_active":false,"_monsterinsights_sitenote_note":"","_monsterinsights_sitenote_category":0,"jnews-multi-image_gallery":[],"jnews_single_post":{"format":"standard"},"jnews_primary_category":[],"footnotes":""},"categories":[1],"tags":[],"class_list":["post-95285","post","type-post","status-publish","format-standard","has-post-thumbnail","hentry","category-uncategorized"],"aioseo_notices":[],"_links":{"self":[{"href":"https:\/\/estado29.mx\/index.php?rest_route=\/wp\/v2\/posts\/95285","targetHints":{"allow":["GET"]}}],"collection":[{"href":"https:\/\/estado29.mx\/index.php?rest_route=\/wp\/v2\/posts"}],"about":[{"href":"https:\/\/estado29.mx\/index.php?rest_route=\/wp\/v2\/types\/post"}],"author":[{"embeddable":true,"href":"https:\/\/estado29.mx\/index.php?rest_route=\/wp\/v2\/users\/5"}],"replies":[{"embeddable":true,"href":"https:\/\/estado29.mx\/index.php?rest_route=%2Fwp%2Fv2%2Fcomments&post=95285"}],"version-history":[{"count":1,"href":"https:\/\/estado29.mx\/index.php?rest_route=\/wp\/v2\/posts\/95285\/revisions"}],"predecessor-version":[{"id":95287,"href":"https:\/\/estado29.mx\/index.php?rest_route=\/wp\/v2\/posts\/95285\/revisions\/95287"}],"wp:featuredmedia":[{"embeddable":true,"href":"https:\/\/estado29.mx\/index.php?rest_route=\/wp\/v2\/media\/95289"}],"wp:attachment":[{"href":"https:\/\/estado29.mx\/index.php?rest_route=%2Fwp%2Fv2%2Fmedia&parent=95285"}],"wp:term":[{"taxonomy":"category","embeddable":true,"href":"https:\/\/estado29.mx\/index.php?rest_route=%2Fwp%2Fv2%2Fcategories&post=95285"},{"taxonomy":"post_tag","embeddable":true,"href":"https:\/\/estado29.mx\/index.php?rest_route=%2Fwp%2Fv2%2Ftags&post=95285"}],"curies":[{"name":"wp","href":"https:\/\/api.w.org\/{rel}","templated":true}]}}