{"id":95290,"date":"2025-05-08T15:24:42","date_gmt":"2025-05-08T15:24:42","guid":{"rendered":"https:\/\/estado29.mx\/?p=95290"},"modified":"2025-06-13T03:12:32","modified_gmt":"2025-06-13T03:12:32","slug":"impulsa-alfonso-sanchez-la-eficiencia-gubernamental-con-la-instalacion-de-la-comision-municipal-de-mejora-regulatoria","status":"publish","type":"post","link":"https:\/\/estado29.mx\/?p=95290","title":{"rendered":"Impulsa Alfonso S\u00e1nchez la eficiencia gubernamental con la instalaci\u00f3n de la Comisi\u00f3n Municipal de Mejora Regulatoria"},"content":{"rendered":"<figure class=\"wp-block-post-featured-image\"><img loading=\"lazy\" decoding=\"async\" width=\"1600\" height=\"1066\" src=\"https:\/\/estado29.mx\/wp-content\/uploads\/2025\/05\/WhatsApp-Image-2025-05-08-at-4.07.35-PM.jpeg\" class=\"attachment-post-thumbnail size-post-thumbnail wp-post-image\" alt=\"\" style=\"object-fit:cover;\" srcset=\"https:\/\/estado29.mx\/wp-content\/uploads\/2025\/05\/WhatsApp-Image-2025-05-08-at-4.07.35-PM.jpeg 1600w, https:\/\/estado29.mx\/wp-content\/uploads\/2025\/05\/WhatsApp-Image-2025-05-08-at-4.07.35-PM-300x200.jpeg 300w, https:\/\/estado29.mx\/wp-content\/uploads\/2025\/05\/WhatsApp-Image-2025-05-08-at-4.07.35-PM-1024x682.jpeg 1024w, https:\/\/estado29.mx\/wp-content\/uploads\/2025\/05\/WhatsApp-Image-2025-05-08-at-4.07.35-PM-768x512.jpeg 768w, https:\/\/estado29.mx\/wp-content\/uploads\/2025\/05\/WhatsApp-Image-2025-05-08-at-4.07.35-PM-1536x1023.jpeg 1536w, https:\/\/estado29.mx\/wp-content\/uploads\/2025\/05\/WhatsApp-Image-2025-05-08-at-4.07.35-PM-750x500.jpeg 750w, https:\/\/estado29.mx\/wp-content\/uploads\/2025\/05\/WhatsApp-Image-2025-05-08-at-4.07.35-PM-1140x760.jpeg 1140w\" sizes=\"auto, (max-width: 1600px) 100vw, 1600px\" \/><\/figure>\n\n\n<ul class=\"wp-block-list\">\n<li>Con la formal instalaci\u00f3n de la comisi\u00f3n, se busca modernizar la administraci\u00f3n p\u00fablica, reducir tiempos y costos en tr\u00e1mites, y promover un gobierno m\u00e1s eficiente, transparente e innovador, destac\u00f3 el alcalde<\/li>\n<\/ul>\n\n\n\n<p>Bajo el compromiso de modernizar la administraci\u00f3n p\u00fablica y brindar mejores servicios a la ciudadan\u00eda, el presidente municipal de Tlaxcala de Xicoht\u00e9ncatl, Alfonso S\u00e1nchez Garc\u00eda, encabez\u00f3 la instalaci\u00f3n y toma de protesta del Consejo Municipal de Mejora Regulatoria 2025-2027.<\/p>\n\n\n\n<p>Este organismo tiene la responsabilidad de generar mayores beneficios para la sociedad con los menores costos posibles, mediante la implementaci\u00f3n de normas claras, tr\u00e1mites simplificados y servicios m\u00e1s accesibles, todo ello bajo principios de transparencia, eficiencia e innovaci\u00f3n.<\/p>\n\n\n\n<p>Durante su intervenci\u00f3n, el alcalde Alfonso S\u00e1nchez destac\u00f3 que este paso representa una transformaci\u00f3n en la atenci\u00f3n ciudadana, en l\u00ednea con las mejores pr\u00e1cticas a nivel nacional.<\/p>\n\n\n\n<p>\u201cCon la firma de este convenio, transformaremos la atenci\u00f3n ciudadana en nuestro gobierno. Seg\u00fan estudios nacionales, los tr\u00e1mites digitales pueden reducir hasta en un 50% los tiempos y costos. Esto significa m\u00e1s tiempo para las personas, menos gastos y mejores oportunidades para quienes desean emprender o simplemente acceder a sus derechos sin obst\u00e1culos\u201d, subray\u00f3.<\/p>\n\n\n\n<figure class=\"wp-block-gallery has-nested-images columns-default is-cropped wp-block-gallery-1 is-layout-flex wp-block-gallery-is-layout-flex\">\n<figure class=\"wp-block-image size-large\"><img loading=\"lazy\" decoding=\"async\" width=\"1024\" height=\"682\" data-id=\"95292\" src=\"https:\/\/estado29.mx\/wp-content\/uploads\/2025\/05\/WhatsApp-Image-2025-05-08-at-4.07.35-PM-2-1024x682.jpeg\" alt=\"\" class=\"wp-image-95292\" srcset=\"https:\/\/estado29.mx\/wp-content\/uploads\/2025\/05\/WhatsApp-Image-2025-05-08-at-4.07.35-PM-2-1024x682.jpeg 1024w, https:\/\/estado29.mx\/wp-content\/uploads\/2025\/05\/WhatsApp-Image-2025-05-08-at-4.07.35-PM-2-300x200.jpeg 300w, https:\/\/estado29.mx\/wp-content\/uploads\/2025\/05\/WhatsApp-Image-2025-05-08-at-4.07.35-PM-2-768x512.jpeg 768w, https:\/\/estado29.mx\/wp-content\/uploads\/2025\/05\/WhatsApp-Image-2025-05-08-at-4.07.35-PM-2-1536x1023.jpeg 1536w, https:\/\/estado29.mx\/wp-content\/uploads\/2025\/05\/WhatsApp-Image-2025-05-08-at-4.07.35-PM-2-750x500.jpeg 750w, https:\/\/estado29.mx\/wp-content\/uploads\/2025\/05\/WhatsApp-Image-2025-05-08-at-4.07.35-PM-2-1140x760.jpeg 1140w, https:\/\/estado29.mx\/wp-content\/uploads\/2025\/05\/WhatsApp-Image-2025-05-08-at-4.07.35-PM-2.jpeg 1600w\" sizes=\"auto, (max-width: 1024px) 100vw, 1024px\" \/><\/figure>\n\n\n\n<figure class=\"wp-block-image size-large\"><img loading=\"lazy\" decoding=\"async\" width=\"1024\" height=\"682\" data-id=\"95295\" src=\"https:\/\/estado29.mx\/wp-content\/uploads\/2025\/05\/WhatsApp-Image-2025-05-08-at-4.07.35-PM-1-1024x682.jpeg\" alt=\"\" class=\"wp-image-95295\" srcset=\"https:\/\/estado29.mx\/wp-content\/uploads\/2025\/05\/WhatsApp-Image-2025-05-08-at-4.07.35-PM-1-1024x682.jpeg 1024w, https:\/\/estado29.mx\/wp-content\/uploads\/2025\/05\/WhatsApp-Image-2025-05-08-at-4.07.35-PM-1-300x200.jpeg 300w, https:\/\/estado29.mx\/wp-content\/uploads\/2025\/05\/WhatsApp-Image-2025-05-08-at-4.07.35-PM-1-768x512.jpeg 768w, https:\/\/estado29.mx\/wp-content\/uploads\/2025\/05\/WhatsApp-Image-2025-05-08-at-4.07.35-PM-1-1536x1023.jpeg 1536w, https:\/\/estado29.mx\/wp-content\/uploads\/2025\/05\/WhatsApp-Image-2025-05-08-at-4.07.35-PM-1-750x500.jpeg 750w, https:\/\/estado29.mx\/wp-content\/uploads\/2025\/05\/WhatsApp-Image-2025-05-08-at-4.07.35-PM-1-1140x760.jpeg 1140w, https:\/\/estado29.mx\/wp-content\/uploads\/2025\/05\/WhatsApp-Image-2025-05-08-at-4.07.35-PM-1.jpeg 1600w\" sizes=\"auto, (max-width: 1024px) 100vw, 1024px\" \/><\/figure>\n\n\n\n<figure class=\"wp-block-image size-large\"><img loading=\"lazy\" decoding=\"async\" width=\"1024\" height=\"540\" data-id=\"95293\" src=\"https:\/\/estado29.mx\/wp-content\/uploads\/2025\/05\/WhatsApp-Image-2025-05-08-at-4.07.34-PM-1-1024x540.jpeg\" alt=\"\" class=\"wp-image-95293\" srcset=\"https:\/\/estado29.mx\/wp-content\/uploads\/2025\/05\/WhatsApp-Image-2025-05-08-at-4.07.34-PM-1-1024x540.jpeg 1024w, https:\/\/estado29.mx\/wp-content\/uploads\/2025\/05\/WhatsApp-Image-2025-05-08-at-4.07.34-PM-1-300x158.jpeg 300w, https:\/\/estado29.mx\/wp-content\/uploads\/2025\/05\/WhatsApp-Image-2025-05-08-at-4.07.34-PM-1-768x405.jpeg 768w, https:\/\/estado29.mx\/wp-content\/uploads\/2025\/05\/WhatsApp-Image-2025-05-08-at-4.07.34-PM-1-1536x809.jpeg 1536w, https:\/\/estado29.mx\/wp-content\/uploads\/2025\/05\/WhatsApp-Image-2025-05-08-at-4.07.34-PM-1-750x395.jpeg 750w, https:\/\/estado29.mx\/wp-content\/uploads\/2025\/05\/WhatsApp-Image-2025-05-08-at-4.07.34-PM-1-1140x601.jpeg 1140w, https:\/\/estado29.mx\/wp-content\/uploads\/2025\/05\/WhatsApp-Image-2025-05-08-at-4.07.34-PM-1.jpeg 1600w\" sizes=\"auto, (max-width: 1024px) 100vw, 1024px\" \/><\/figure>\n\n\n\n<figure class=\"wp-block-image size-large\"><img loading=\"lazy\" decoding=\"async\" width=\"1024\" height=\"682\" data-id=\"95294\" src=\"https:\/\/estado29.mx\/wp-content\/uploads\/2025\/05\/WhatsApp-Image-2025-05-08-at-4.07.34-PM-1024x682.jpeg\" alt=\"\" class=\"wp-image-95294\" srcset=\"https:\/\/estado29.mx\/wp-content\/uploads\/2025\/05\/WhatsApp-Image-2025-05-08-at-4.07.34-PM-1024x682.jpeg 1024w, https:\/\/estado29.mx\/wp-content\/uploads\/2025\/05\/WhatsApp-Image-2025-05-08-at-4.07.34-PM-300x200.jpeg 300w, https:\/\/estado29.mx\/wp-content\/uploads\/2025\/05\/WhatsApp-Image-2025-05-08-at-4.07.34-PM-768x512.jpeg 768w, https:\/\/estado29.mx\/wp-content\/uploads\/2025\/05\/WhatsApp-Image-2025-05-08-at-4.07.34-PM-1536x1023.jpeg 1536w, https:\/\/estado29.mx\/wp-content\/uploads\/2025\/05\/WhatsApp-Image-2025-05-08-at-4.07.34-PM-750x500.jpeg 750w, https:\/\/estado29.mx\/wp-content\/uploads\/2025\/05\/WhatsApp-Image-2025-05-08-at-4.07.34-PM-1140x760.jpeg 1140w, https:\/\/estado29.mx\/wp-content\/uploads\/2025\/05\/WhatsApp-Image-2025-05-08-at-4.07.34-PM.jpeg 1600w\" sizes=\"auto, (max-width: 1024px) 100vw, 1024px\" \/><\/figure>\n<\/figure>\n\n\n\n<p>Asimismo, hizo un llamado a los integrantes del consejo a sumar esfuerzos para eliminar cargas administrativas innecesarias y garantizar un gobierno m\u00e1s cercano, \u00e1gil y eficaz.<\/p>\n\n\n\n<p>Por su parte, Julio C\u00e9sar Portilla Caballero, Comisionado Estatal de Mejora Regulatoria de Tlaxcala, resalt\u00f3 la importancia de asumir con responsabilidad esta encomienda y de capacitar permanentemente a los servidores p\u00fablicos para lograr la eliminaci\u00f3n de tr\u00e1mites burocr\u00e1ticos mediante el uso de tecnolog\u00edas digitales.<\/p>\n\n\n\n<p>En el acto protocolario tambi\u00e9n estuvieron presentes la s\u00edndica municipal, Ivonne Hern\u00e1ndez Blancas; Luis Pineda Ortega, responsable de Control Interno; Francisco David Gonz\u00e1lez Ram\u00edrez, jefe del Departamento de Mejora Regulatoria Municipal; y Lorena Alicia Torres Reyes, responsable de la Unidad de Transparencia del municipio.<\/p>\n","protected":false},"excerpt":{"rendered":"<p>Bajo el compromiso de modernizar la administraci\u00f3n p\u00fablica y brindar mejores servicios a la ciudadan\u00eda, el presidente municipal de Tlaxcala de Xicoht\u00e9ncatl, Alfonso S\u00e1nchez Garc\u00eda, encabez\u00f3 la instalaci\u00f3n y toma de protesta del Consejo Municipal de Mejora Regulatoria 2025-2027. Este organismo tiene la responsabilidad de generar mayores beneficios para la sociedad con los menores costos [&hellip;]<\/p>\n","protected":false},"author":4,"featured_media":95291,"comment_status":"open","ping_status":"open","sticky":false,"template":"","format":"standard","meta":{"om_disable_all_campaigns":false,"_monsterinsights_skip_tracking":false,"_monsterinsights_sitenote_active":false,"_monsterinsights_sitenote_note":"","_monsterinsights_sitenote_category":0,"jnews-multi-image_gallery":[],"jnews_single_post":{"format":"standard"},"jnews_primary_category":[],"footnotes":""},"categories":[1],"tags":[],"class_list":["post-95290","post","type-post","status-publish","format-standard","has-post-thumbnail","hentry","category-uncategorized"],"aioseo_notices":[],"_links":{"self":[{"href":"https:\/\/estado29.mx\/index.php?rest_route=\/wp\/v2\/posts\/95290","targetHints":{"allow":["GET"]}}],"collection":[{"href":"https:\/\/estado29.mx\/index.php?rest_route=\/wp\/v2\/posts"}],"about":[{"href":"https:\/\/estado29.mx\/index.php?rest_route=\/wp\/v2\/types\/post"}],"author":[{"embeddable":true,"href":"https:\/\/estado29.mx\/index.php?rest_route=\/wp\/v2\/users\/4"}],"replies":[{"embeddable":true,"href":"https:\/\/estado29.mx\/index.php?rest_route=%2Fwp%2Fv2%2Fcomments&post=95290"}],"version-history":[{"count":1,"href":"https:\/\/estado29.mx\/index.php?rest_route=\/wp\/v2\/posts\/95290\/revisions"}],"predecessor-version":[{"id":95296,"href":"https:\/\/estado29.mx\/index.php?rest_route=\/wp\/v2\/posts\/95290\/revisions\/95296"}],"wp:featuredmedia":[{"embeddable":true,"href":"https:\/\/estado29.mx\/index.php?rest_route=\/wp\/v2\/media\/95291"}],"wp:attachment":[{"href":"https:\/\/estado29.mx\/index.php?rest_route=%2Fwp%2Fv2%2Fmedia&parent=95290"}],"wp:term":[{"taxonomy":"category","embeddable":true,"href":"https:\/\/estado29.mx\/index.php?rest_route=%2Fwp%2Fv2%2Fcategories&post=95290"},{"taxonomy":"post_tag","embeddable":true,"href":"https:\/\/estado29.mx\/index.php?rest_route=%2Fwp%2Fv2%2Ftags&post=95290"}],"curies":[{"name":"wp","href":"https:\/\/api.w.org\/{rel}","templated":true}]}}