{"id":95325,"date":"2025-05-10T15:23:36","date_gmt":"2025-05-10T15:23:36","guid":{"rendered":"https:\/\/estado29.mx\/?p=95325"},"modified":"2025-06-13T03:47:02","modified_gmt":"2025-06-13T03:47:02","slug":"mu3r3n-dos-hombres-en-accidente-en-tocatlan","status":"publish","type":"post","link":"https:\/\/estado29.mx\/?p=95325","title":{"rendered":"Mu3r3n dos hombres en accidente en Tocatl\u00e1n"},"content":{"rendered":"\n<p>Un accidente entre dos veh\u00edculos en la carretera federal M\u00e9xico-Veracruz, a la altura de Tocatl\u00e1n, dej\u00f3 dos muertos y un herido durante la madrugada.<\/p>\n\n\n\n<p>Un Volkswagen Jetta blanco impact\u00f3 a otro Jetta azul, provocando la volcadura y choque contra un \u00e1rbol.<\/p>\n\n\n\n<p>Dos hombres que viajaban en el veh\u00edculo azul murieron: uno de aproximadamente 25 a\u00f1os, eyectado y tendido en el terreno, y otro atrapado en el interior del veh\u00edculo. Un tercer hombre, Jos\u00e9 Luis N., result\u00f3 herido y fue atendido por param\u00e9dicos.<\/p>\n\n\n\n<p>El veh\u00edculo blanco qued\u00f3 abandonado fuera de la carretera, sin ocupantes visibles, lo que sugiere que los conductores se dieron a la fuga.<\/p>\n\n\n\n<p>La Guardia Nacional acordon\u00f3 la zona y dio parte a la Fiscal\u00eda General de Justicia del Estado, que realiz\u00f3 el levantamiento de los cad\u00e1veres y su traslado al anfiteatro en Apizaco.<\/p>\n","protected":false},"excerpt":{"rendered":"<p>Un accidente entre dos veh\u00edculos en la carretera federal M\u00e9xico-Veracruz, a la altura de Tocatl\u00e1n, dej\u00f3 dos muertos y un herido durante la madrugada. Un Volkswagen Jetta blanco impact\u00f3 a otro Jetta azul, provocando la volcadura y choque contra un \u00e1rbol. Dos hombres que viajaban en el veh\u00edculo azul murieron: uno de aproximadamente 25 a\u00f1os, [&hellip;]<\/p>\n","protected":false},"author":5,"featured_media":95326,"comment_status":"open","ping_status":"open","sticky":false,"template":"","format":"standard","meta":{"om_disable_all_campaigns":false,"_monsterinsights_skip_tracking":false,"_monsterinsights_sitenote_active":false,"_monsterinsights_sitenote_note":"","_monsterinsights_sitenote_category":0,"jnews-multi-image_gallery":[],"jnews_single_post":{"format":"standard"},"jnews_primary_category":[],"footnotes":""},"categories":[1],"tags":[],"class_list":["post-95325","post","type-post","status-publish","format-standard","has-post-thumbnail","hentry","category-uncategorized"],"aioseo_notices":[],"_links":{"self":[{"href":"https:\/\/estado29.mx\/index.php?rest_route=\/wp\/v2\/posts\/95325","targetHints":{"allow":["GET"]}}],"collection":[{"href":"https:\/\/estado29.mx\/index.php?rest_route=\/wp\/v2\/posts"}],"about":[{"href":"https:\/\/estado29.mx\/index.php?rest_route=\/wp\/v2\/types\/post"}],"author":[{"embeddable":true,"href":"https:\/\/estado29.mx\/index.php?rest_route=\/wp\/v2\/users\/5"}],"replies":[{"embeddable":true,"href":"https:\/\/estado29.mx\/index.php?rest_route=%2Fwp%2Fv2%2Fcomments&post=95325"}],"version-history":[{"count":1,"href":"https:\/\/estado29.mx\/index.php?rest_route=\/wp\/v2\/posts\/95325\/revisions"}],"predecessor-version":[{"id":95327,"href":"https:\/\/estado29.mx\/index.php?rest_route=\/wp\/v2\/posts\/95325\/revisions\/95327"}],"wp:featuredmedia":[{"embeddable":true,"href":"https:\/\/estado29.mx\/index.php?rest_route=\/wp\/v2\/media\/95326"}],"wp:attachment":[{"href":"https:\/\/estado29.mx\/index.php?rest_route=%2Fwp%2Fv2%2Fmedia&parent=95325"}],"wp:term":[{"taxonomy":"category","embeddable":true,"href":"https:\/\/estado29.mx\/index.php?rest_route=%2Fwp%2Fv2%2Fcategories&post=95325"},{"taxonomy":"post_tag","embeddable":true,"href":"https:\/\/estado29.mx\/index.php?rest_route=%2Fwp%2Fv2%2Ftags&post=95325"}],"curies":[{"name":"wp","href":"https:\/\/api.w.org\/{rel}","templated":true}]}}