{"id":95345,"date":"2025-05-12T18:48:54","date_gmt":"2025-05-12T18:48:54","guid":{"rendered":"https:\/\/estado29.mx\/?p=95345"},"modified":"2025-06-13T04:28:38","modified_gmt":"2025-06-13T04:28:38","slug":"presidentes-de-comunidad-destacan-la-iniciativa-del-alcalde-salvador-santos-cedillo-para-festejar-a-madres","status":"publish","type":"post","link":"https:\/\/estado29.mx\/?p=95345","title":{"rendered":"PRESIDENTES DE COMUNIDAD DESTACAN LA INICIATIVA DEL ALCALDE SALVADOR SANTOS CEDILLO PARA FESTEJAR A MADRES"},"content":{"rendered":"<figure class=\"wp-block-post-featured-image\"><img loading=\"lazy\" decoding=\"async\" width=\"1599\" height=\"1066\" src=\"https:\/\/estado29.mx\/wp-content\/uploads\/2025\/05\/CARA-13.jpeg\" class=\"attachment-post-thumbnail size-post-thumbnail wp-post-image\" alt=\"\" style=\"object-fit:cover;\" srcset=\"https:\/\/estado29.mx\/wp-content\/uploads\/2025\/05\/CARA-13.jpeg 1599w, https:\/\/estado29.mx\/wp-content\/uploads\/2025\/05\/CARA-13-300x200.jpeg 300w, https:\/\/estado29.mx\/wp-content\/uploads\/2025\/05\/CARA-13-1024x683.jpeg 1024w, https:\/\/estado29.mx\/wp-content\/uploads\/2025\/05\/CARA-13-768x512.jpeg 768w, https:\/\/estado29.mx\/wp-content\/uploads\/2025\/05\/CARA-13-1536x1024.jpeg 1536w, https:\/\/estado29.mx\/wp-content\/uploads\/2025\/05\/CARA-13-750x500.jpeg 750w, https:\/\/estado29.mx\/wp-content\/uploads\/2025\/05\/CARA-13-1140x760.jpeg 1140w\" sizes=\"auto, (max-width: 1599px) 100vw, 1599px\" \/><\/figure>\n\n\n<p><em>Exitosa segunda jornada de la caravana de obsequios en 13 comunidades<\/em><\/p>\n\n\n\n<p>La caravana de obsequios organizada por el Gobierno Municipal de Huamantla fue todo un \u00e9xito durante su segunda jornada, realizada este jueves en 13 comunidades del municipio, donde presidentes de comunidad coincidieron en que esta iniciativa, impulsada por el alcalde Salvador Santos Cedillo, es una muestra de cercan\u00eda y sensibilidad hacia las madres huamantlecas.<\/p>\n\n\n\n<p>Comunidades como Galeana, El Carmen Xalpatlahuaya, San Diego Xalpatlahuaya y el barrio de Santa Anita, s\u00f3lo por citar algunas, reunieron a cientos de mujeres en ambientes festivos y llenos de gratitud.<\/p>\n\n\n\n<p>\u201cEl Presidente Chava tuvo una muy buena iniciativa al apoyar este tipo de festejos para las mam\u00e1s\u201d<em>,<\/em>&nbsp;expres\u00f3 Pablo Maldonado Gonz\u00e1lez, presidente de comunidad de El Carmen Xalpatlahuaya.<\/p>\n\n\n\n<p>Por su parte, Abelardo Loaiza Hern\u00e1ndez, presidente de comunidad de Hermenegildo Galeana, reconoci\u00f3 el acierto de llevar estos eventos directamente a las comunidades: \u201cFue una excelente decisi\u00f3n porque as\u00ed las madres disfrutaron de un gran festejo sin tener que gastar para trasladarse hasta la cabecera\u201d.<\/p>\n\n\n\n<p>En tanto, Jorge Garc\u00eda Sanluis, presidente de San Diego Xalpatlahuaya, afirm\u00f3 que \u201ces la primera vez que se hace algo tan bonito para las mam\u00e1s, y eso es gracias a la coordinaci\u00f3n que tenemos con el Presidente Chava\u201d.<\/p>\n\n\n\n<p>Durante esta jornada, la Presidenta Honor\u00edfica del Sistema Municipal DIF, Mar\u00eda del Roc\u00edo Hern\u00e1ndez Castillo, encabez\u00f3 las entregas de obsequios, como electrodom\u00e9sticos, para llevar un mensaje personal de cari\u00f1o y agradecimiento del alcalde.<\/p>\n\n\n\n<p>Por la noche, la caravana continu\u00f3 por Acasillados San Mart\u00edn Notario y colonia Emiliano Zapata, donde cientos de mam\u00e1s celebraron entre aplausos y sonrisas.<\/p>\n\n\n\n<p>La log\u00edstica y orden en la distribuci\u00f3n de regalos fueron posibles gracias al apoyo de regidoras, regidores, personal administrativo y funcionarios del Ayuntamiento.<\/p>\n\n\n\n<p>Para este viernes, el recorrido llegar\u00e1 a otras 14 comunidades, entre ellas Rancher\u00eda El Molino, La Lima, San Francisco Tecoac, Benito Ju\u00e1rez, Xicoht\u00e9ncatl y Zaragoza, entre otras.<\/p>\n","protected":false},"excerpt":{"rendered":"<p>Exitosa segunda jornada de la caravana de obsequios en 13 comunidades La caravana de obsequios organizada por el Gobierno Municipal de Huamantla fue todo un \u00e9xito durante su segunda jornada, realizada este jueves en 13 comunidades del municipio, donde presidentes de comunidad coincidieron en que esta iniciativa, impulsada por el alcalde Salvador Santos Cedillo, es [&hellip;]<\/p>\n","protected":false},"author":9,"featured_media":95349,"comment_status":"open","ping_status":"open","sticky":false,"template":"","format":"standard","meta":{"om_disable_all_campaigns":false,"_monsterinsights_skip_tracking":false,"_monsterinsights_sitenote_active":false,"_monsterinsights_sitenote_note":"","_monsterinsights_sitenote_category":0,"jnews-multi-image_gallery":[],"jnews_single_post":{"format":"standard"},"jnews_primary_category":[],"footnotes":""},"categories":[1],"tags":[],"class_list":["post-95345","post","type-post","status-publish","format-standard","has-post-thumbnail","hentry","category-uncategorized"],"aioseo_notices":[],"_links":{"self":[{"href":"https:\/\/estado29.mx\/index.php?rest_route=\/wp\/v2\/posts\/95345","targetHints":{"allow":["GET"]}}],"collection":[{"href":"https:\/\/estado29.mx\/index.php?rest_route=\/wp\/v2\/posts"}],"about":[{"href":"https:\/\/estado29.mx\/index.php?rest_route=\/wp\/v2\/types\/post"}],"author":[{"embeddable":true,"href":"https:\/\/estado29.mx\/index.php?rest_route=\/wp\/v2\/users\/9"}],"replies":[{"embeddable":true,"href":"https:\/\/estado29.mx\/index.php?rest_route=%2Fwp%2Fv2%2Fcomments&post=95345"}],"version-history":[{"count":1,"href":"https:\/\/estado29.mx\/index.php?rest_route=\/wp\/v2\/posts\/95345\/revisions"}],"predecessor-version":[{"id":95350,"href":"https:\/\/estado29.mx\/index.php?rest_route=\/wp\/v2\/posts\/95345\/revisions\/95350"}],"wp:featuredmedia":[{"embeddable":true,"href":"https:\/\/estado29.mx\/index.php?rest_route=\/wp\/v2\/media\/95349"}],"wp:attachment":[{"href":"https:\/\/estado29.mx\/index.php?rest_route=%2Fwp%2Fv2%2Fmedia&parent=95345"}],"wp:term":[{"taxonomy":"category","embeddable":true,"href":"https:\/\/estado29.mx\/index.php?rest_route=%2Fwp%2Fv2%2Fcategories&post=95345"},{"taxonomy":"post_tag","embeddable":true,"href":"https:\/\/estado29.mx\/index.php?rest_route=%2Fwp%2Fv2%2Ftags&post=95345"}],"curies":[{"name":"wp","href":"https:\/\/api.w.org\/{rel}","templated":true}]}}