{"id":95362,"date":"2025-05-12T16:55:42","date_gmt":"2025-05-12T16:55:42","guid":{"rendered":"https:\/\/estado29.mx\/?p=95362"},"modified":"2025-06-13T04:27:40","modified_gmt":"2025-06-13T04:27:40","slug":"con-union-y-generosidad-gobierno-municipal-llevo-obsequios-a-las-39-comunidades-de-huamantla","status":"publish","type":"post","link":"https:\/\/estado29.mx\/?p=95362","title":{"rendered":"CON UNI\u00d3N Y GENEROSIDAD GOBIERNO MUNICIPAL LLEV\u00d3 OBSEQUIOS A LAS 39 COMUNIDADES DE HUAMANTLA"},"content":{"rendered":"<figure class=\"wp-block-post-featured-image\"><img loading=\"lazy\" decoding=\"async\" width=\"1599\" height=\"1066\" src=\"https:\/\/estado29.mx\/wp-content\/uploads\/2025\/05\/C_5.jpeg\" class=\"attachment-post-thumbnail size-post-thumbnail wp-post-image\" alt=\"\" style=\"object-fit:cover;\" srcset=\"https:\/\/estado29.mx\/wp-content\/uploads\/2025\/05\/C_5.jpeg 1599w, https:\/\/estado29.mx\/wp-content\/uploads\/2025\/05\/C_5-300x200.jpeg 300w, https:\/\/estado29.mx\/wp-content\/uploads\/2025\/05\/C_5-1024x683.jpeg 1024w, https:\/\/estado29.mx\/wp-content\/uploads\/2025\/05\/C_5-768x512.jpeg 768w, https:\/\/estado29.mx\/wp-content\/uploads\/2025\/05\/C_5-1536x1024.jpeg 1536w, https:\/\/estado29.mx\/wp-content\/uploads\/2025\/05\/C_5-750x500.jpeg 750w, https:\/\/estado29.mx\/wp-content\/uploads\/2025\/05\/C_5-1140x760.jpeg 1140w\" sizes=\"auto, (max-width: 1599px) 100vw, 1599px\" \/><\/figure>\n\n\n<p>El Presidente Municipal de Huamantla, Salvador Santos Cedillo, reconoci\u00f3 con gratitud la uni\u00f3n y generosidad del personal del Ayuntamiento, presidentes de comunidad y voluntarios, quienes se sumaron con entusiasmo a una emotiva caravana que llev\u00f3 obsequios a las 39 comunidades del municipio, con motivo de las celebraciones por el D\u00eda de las Madres.<\/p>\n\n\n\n<p>Este esfuerzo, sin precedentes, permiti\u00f3 que miles de mam\u00e1s huamantlecas fueran agasajadas con eventos llenos de alegr\u00eda, m\u00fasica, refrigerios y, sobre todo, obsequios \u00fatiles. En cada comunidad, el cari\u00f1o y la admiraci\u00f3n por ellas se hicieron sentir, haciendo de esta celebraci\u00f3n un momento de reconocimiento y amor.<\/p>\n\n\n\n<p>En la recta final de esta gran jornada, la Presidenta Honor\u00edfica del Sistema Municipal DIF, Mar\u00eda del Roc\u00edo Hern\u00e1ndez Castillo, llev\u00f3 un mensaje lleno de calidez y gratitud de parte del Presidente Salvador Santos Cedillo, dedicado a todas las madres que, con fuerza y ternura, sostienen a sus familias.<\/p>\n\n\n\n<p>Gracias al trabajo coordinado del DIF Municipal, la Direcci\u00f3n de Bienestar, el Registro Civil, Tesorer\u00eda, Recursos Materiales, regidoras, regidores, presidentes de comunidad y decenas de voluntarios, se logr\u00f3 cumplir la meta de visitar las 39 comunidades en tan solo tres d\u00edas.<\/p>\n\n\n\n<p>Este viernes, la caravana concluy\u00f3 su recorrido en las comunidades de&nbsp;Agr\u00edcola San Mart\u00edn Notario, Rancher\u00eda de Torres, San Jos\u00e9 Xicoht\u00e9ncatl, Nuevo Centro de Poblaci\u00f3n Morelos, El Valle, Benito Ju\u00e1rez, Los Pilares, Ignacio Zaragoza&nbsp;y San Sebasti\u00e1n, donde las reinas del hogar participaron con alegr\u00eda en un festejo hecho especialmente para ellas.<\/p>\n\n\n\n<p>Cabe destacar que la gran celebraci\u00f3n para las madres huamantlecas que ha organizado el Ayuntamiento, concluir\u00e1 este s\u00e1bado 10 de mayo con un gran concierto que ofrecer\u00e1 el famoso grupo \u201cPandora\u201d, el cual se llevar\u00e1 a cabo en la plaza de toros \u201cLa Taurina\u201d.<\/p>\n\n\n\n<p>El acceso ser\u00e1 totalmente gratuito y sin boleto. Las mam\u00e1s podr\u00e1n ingresar desde las 15:00 horas, para tener la mejor ubicaci\u00f3n en este evento musical, que iniciar\u00e1 alrededor de las 17:00 horas. &nbsp;<\/p>\n","protected":false},"excerpt":{"rendered":"<p>El Presidente Municipal de Huamantla, Salvador Santos Cedillo, reconoci\u00f3 con gratitud la uni\u00f3n y generosidad del personal del Ayuntamiento, presidentes de comunidad y voluntarios, quienes se sumaron con entusiasmo a una emotiva caravana que llev\u00f3 obsequios a las 39 comunidades del municipio, con motivo de las celebraciones por el D\u00eda de las Madres. Este esfuerzo, [&hellip;]<\/p>\n","protected":false},"author":9,"featured_media":95363,"comment_status":"open","ping_status":"open","sticky":false,"template":"","format":"standard","meta":{"om_disable_all_campaigns":false,"_monsterinsights_skip_tracking":false,"_monsterinsights_sitenote_active":false,"_monsterinsights_sitenote_note":"","_monsterinsights_sitenote_category":0,"jnews-multi-image_gallery":[],"jnews_single_post":{"format":"standard"},"jnews_primary_category":[],"footnotes":""},"categories":[1],"tags":[],"class_list":["post-95362","post","type-post","status-publish","format-standard","has-post-thumbnail","hentry","category-uncategorized"],"aioseo_notices":[],"_links":{"self":[{"href":"https:\/\/estado29.mx\/index.php?rest_route=\/wp\/v2\/posts\/95362","targetHints":{"allow":["GET"]}}],"collection":[{"href":"https:\/\/estado29.mx\/index.php?rest_route=\/wp\/v2\/posts"}],"about":[{"href":"https:\/\/estado29.mx\/index.php?rest_route=\/wp\/v2\/types\/post"}],"author":[{"embeddable":true,"href":"https:\/\/estado29.mx\/index.php?rest_route=\/wp\/v2\/users\/9"}],"replies":[{"embeddable":true,"href":"https:\/\/estado29.mx\/index.php?rest_route=%2Fwp%2Fv2%2Fcomments&post=95362"}],"version-history":[{"count":1,"href":"https:\/\/estado29.mx\/index.php?rest_route=\/wp\/v2\/posts\/95362\/revisions"}],"predecessor-version":[{"id":95364,"href":"https:\/\/estado29.mx\/index.php?rest_route=\/wp\/v2\/posts\/95362\/revisions\/95364"}],"wp:featuredmedia":[{"embeddable":true,"href":"https:\/\/estado29.mx\/index.php?rest_route=\/wp\/v2\/media\/95363"}],"wp:attachment":[{"href":"https:\/\/estado29.mx\/index.php?rest_route=%2Fwp%2Fv2%2Fmedia&parent=95362"}],"wp:term":[{"taxonomy":"category","embeddable":true,"href":"https:\/\/estado29.mx\/index.php?rest_route=%2Fwp%2Fv2%2Fcategories&post=95362"},{"taxonomy":"post_tag","embeddable":true,"href":"https:\/\/estado29.mx\/index.php?rest_route=%2Fwp%2Fv2%2Ftags&post=95362"}],"curies":[{"name":"wp","href":"https:\/\/api.w.org\/{rel}","templated":true}]}}