{"id":95373,"date":"2025-05-12T16:21:52","date_gmt":"2025-05-12T16:21:52","guid":{"rendered":"https:\/\/estado29.mx\/?p=95373"},"modified":"2025-06-13T04:26:20","modified_gmt":"2025-06-13T04:26:20","slug":"honra-presidente-alfonso-sanchez-la-memoria-de-xicohtencatl-axayacatzin-con-un-acto-de-hermandad-internacional","status":"publish","type":"post","link":"https:\/\/estado29.mx\/?p=95373","title":{"rendered":"Honra presidente Alfonso S\u00e1nchez la memoria de Xicoht\u00e9ncatl Axayacatzin con un acto de hermandad internacional"},"content":{"rendered":"<figure class=\"wp-block-post-featured-image\"><img loading=\"lazy\" decoding=\"async\" width=\"1600\" height=\"942\" src=\"https:\/\/estado29.mx\/wp-content\/uploads\/2025\/05\/WhatsApp-Image-2025-05-12-at-4.45.43-PM.jpeg\" class=\"attachment-post-thumbnail size-post-thumbnail wp-post-image\" alt=\"\" style=\"object-fit:cover;\" srcset=\"https:\/\/estado29.mx\/wp-content\/uploads\/2025\/05\/WhatsApp-Image-2025-05-12-at-4.45.43-PM.jpeg 1600w, https:\/\/estado29.mx\/wp-content\/uploads\/2025\/05\/WhatsApp-Image-2025-05-12-at-4.45.43-PM-300x177.jpeg 300w, https:\/\/estado29.mx\/wp-content\/uploads\/2025\/05\/WhatsApp-Image-2025-05-12-at-4.45.43-PM-1024x603.jpeg 1024w, https:\/\/estado29.mx\/wp-content\/uploads\/2025\/05\/WhatsApp-Image-2025-05-12-at-4.45.43-PM-768x452.jpeg 768w, https:\/\/estado29.mx\/wp-content\/uploads\/2025\/05\/WhatsApp-Image-2025-05-12-at-4.45.43-PM-1536x904.jpeg 1536w, https:\/\/estado29.mx\/wp-content\/uploads\/2025\/05\/WhatsApp-Image-2025-05-12-at-4.45.43-PM-750x442.jpeg 750w, https:\/\/estado29.mx\/wp-content\/uploads\/2025\/05\/WhatsApp-Image-2025-05-12-at-4.45.43-PM-1140x671.jpeg 1140w\" sizes=\"auto, (max-width: 1600px) 100vw, 1600px\" \/><\/figure>\n\n\n<ul class=\"wp-block-list\">\n<li>_El alcalde Alfonso S\u00e1nchez reafirm\u00f3 los lazos hist\u00f3ricos entre Tlaxcala y Guatemala, evocando el legado de Xicoht\u00e9ncatl Axayacatzin como inspiraci\u00f3n para el fortalecimiento de la identidad, la memoria y la cooperaci\u00f3n entre pueblos hermanos<\/li>\n<\/ul>\n\n\n\n<p>En el marco del 504 aniversario luctuoso del guerrero tlaxcalteca Xicoht\u00e9ncatl Axayacatzin, el presidente municipal de Tlaxcala, Alfonso S\u00e1nchez Garc\u00eda, encabez\u00f3 una ceremonia solemne en la comunidad de San Esteban Tizatl\u00e1n, s\u00edmbolo del legado hist\u00f3rico, la resistencia y la dignidad de los pueblos originarios.<\/p>\n\n\n\n<p>El evento cont\u00f3 con la presencia distinguida de la exgobernadora Beatriz Paredes Rangel, del alcalde de La Antigua Guatemala, Juan Manuel Asturias Sueiras, y su comitiva, as\u00ed como de representantes del Instituto Nacional de Antropolog\u00eda e Historia (INAH), senadores, presidentes de comunidad y autoridades municipales. A todos ellos, el Presidente S\u00e1nchez expres\u00f3 su reconocimiento y gratitud por ser parte de esta conmemoraci\u00f3n tan significativa.<\/p>\n\n\n\n<p>En su mensaje, el alcalde subray\u00f3 que \u201cTlaxcala les abre sus puertas y su coraz\u00f3n; los recibimos no como invitados, sino como hermanas y hermanos\u201d, aludiendo al profundo sentido de identidad compartida que une a Tlaxcala y a los pueblos de Guatemala desde hace m\u00e1s de cinco siglos.<\/p>\n\n\n\n<p>Destac\u00f3 que esta conmemoraci\u00f3n se realiza en el contexto del 500 Aniversario de la Fundaci\u00f3n de la Ciudad de Tlaxcala, impulsado en coordinaci\u00f3n con la Gobernadora del Estado, Lorena Cu\u00e9llar Cisneros, y se\u00f1al\u00f3 que este tipo de actos deben trascender lo protocolario para convertirse en compromisos reales de cooperaci\u00f3n cultural, acad\u00e9mica, tur\u00edstica y social.<\/p>\n\n\n\n<figure class=\"wp-block-gallery has-nested-images columns-default is-cropped wp-block-gallery-1 is-layout-flex wp-block-gallery-is-layout-flex\">\n<figure class=\"wp-block-image size-large\"><img loading=\"lazy\" decoding=\"async\" width=\"1024\" height=\"682\" data-id=\"95375\" src=\"https:\/\/estado29.mx\/wp-content\/uploads\/2025\/05\/WhatsApp-Image-2025-05-12-at-4.45.46-PM-1024x682.jpeg\" alt=\"\" class=\"wp-image-95375\" srcset=\"https:\/\/estado29.mx\/wp-content\/uploads\/2025\/05\/WhatsApp-Image-2025-05-12-at-4.45.46-PM-1024x682.jpeg 1024w, https:\/\/estado29.mx\/wp-content\/uploads\/2025\/05\/WhatsApp-Image-2025-05-12-at-4.45.46-PM-300x200.jpeg 300w, https:\/\/estado29.mx\/wp-content\/uploads\/2025\/05\/WhatsApp-Image-2025-05-12-at-4.45.46-PM-768x512.jpeg 768w, https:\/\/estado29.mx\/wp-content\/uploads\/2025\/05\/WhatsApp-Image-2025-05-12-at-4.45.46-PM-1536x1023.jpeg 1536w, https:\/\/estado29.mx\/wp-content\/uploads\/2025\/05\/WhatsApp-Image-2025-05-12-at-4.45.46-PM-750x500.jpeg 750w, https:\/\/estado29.mx\/wp-content\/uploads\/2025\/05\/WhatsApp-Image-2025-05-12-at-4.45.46-PM-1140x760.jpeg 1140w, https:\/\/estado29.mx\/wp-content\/uploads\/2025\/05\/WhatsApp-Image-2025-05-12-at-4.45.46-PM.jpeg 1600w\" sizes=\"auto, (max-width: 1024px) 100vw, 1024px\" \/><\/figure>\n\n\n\n<figure class=\"wp-block-image size-large\"><img loading=\"lazy\" decoding=\"async\" width=\"1024\" height=\"682\" data-id=\"95378\" src=\"https:\/\/estado29.mx\/wp-content\/uploads\/2025\/05\/WhatsApp-Image-2025-05-12-at-4.45.45-PM-1-1024x682.jpeg\" alt=\"\" class=\"wp-image-95378\" srcset=\"https:\/\/estado29.mx\/wp-content\/uploads\/2025\/05\/WhatsApp-Image-2025-05-12-at-4.45.45-PM-1-1024x682.jpeg 1024w, https:\/\/estado29.mx\/wp-content\/uploads\/2025\/05\/WhatsApp-Image-2025-05-12-at-4.45.45-PM-1-300x200.jpeg 300w, https:\/\/estado29.mx\/wp-content\/uploads\/2025\/05\/WhatsApp-Image-2025-05-12-at-4.45.45-PM-1-768x512.jpeg 768w, https:\/\/estado29.mx\/wp-content\/uploads\/2025\/05\/WhatsApp-Image-2025-05-12-at-4.45.45-PM-1-1536x1023.jpeg 1536w, https:\/\/estado29.mx\/wp-content\/uploads\/2025\/05\/WhatsApp-Image-2025-05-12-at-4.45.45-PM-1-750x500.jpeg 750w, https:\/\/estado29.mx\/wp-content\/uploads\/2025\/05\/WhatsApp-Image-2025-05-12-at-4.45.45-PM-1-1140x760.jpeg 1140w, https:\/\/estado29.mx\/wp-content\/uploads\/2025\/05\/WhatsApp-Image-2025-05-12-at-4.45.45-PM-1.jpeg 1600w\" sizes=\"auto, (max-width: 1024px) 100vw, 1024px\" \/><\/figure>\n\n\n\n<figure class=\"wp-block-image size-large\"><img loading=\"lazy\" decoding=\"async\" width=\"1024\" height=\"682\" data-id=\"95379\" src=\"https:\/\/estado29.mx\/wp-content\/uploads\/2025\/05\/WhatsApp-Image-2025-05-12-at-4.45.45-PM-1024x682.jpeg\" alt=\"\" class=\"wp-image-95379\" srcset=\"https:\/\/estado29.mx\/wp-content\/uploads\/2025\/05\/WhatsApp-Image-2025-05-12-at-4.45.45-PM-1024x682.jpeg 1024w, https:\/\/estado29.mx\/wp-content\/uploads\/2025\/05\/WhatsApp-Image-2025-05-12-at-4.45.45-PM-300x200.jpeg 300w, https:\/\/estado29.mx\/wp-content\/uploads\/2025\/05\/WhatsApp-Image-2025-05-12-at-4.45.45-PM-768x512.jpeg 768w, https:\/\/estado29.mx\/wp-content\/uploads\/2025\/05\/WhatsApp-Image-2025-05-12-at-4.45.45-PM-1536x1023.jpeg 1536w, https:\/\/estado29.mx\/wp-content\/uploads\/2025\/05\/WhatsApp-Image-2025-05-12-at-4.45.45-PM-750x500.jpeg 750w, https:\/\/estado29.mx\/wp-content\/uploads\/2025\/05\/WhatsApp-Image-2025-05-12-at-4.45.45-PM-1140x760.jpeg 1140w, https:\/\/estado29.mx\/wp-content\/uploads\/2025\/05\/WhatsApp-Image-2025-05-12-at-4.45.45-PM.jpeg 1600w\" sizes=\"auto, (max-width: 1024px) 100vw, 1024px\" \/><\/figure>\n\n\n\n<figure class=\"wp-block-image size-large\"><img loading=\"lazy\" decoding=\"async\" width=\"1024\" height=\"682\" data-id=\"95377\" src=\"https:\/\/estado29.mx\/wp-content\/uploads\/2025\/05\/WhatsApp-Image-2025-05-12-at-4.45.44-PM-1-1024x682.jpeg\" alt=\"\" class=\"wp-image-95377\" srcset=\"https:\/\/estado29.mx\/wp-content\/uploads\/2025\/05\/WhatsApp-Image-2025-05-12-at-4.45.44-PM-1-1024x682.jpeg 1024w, https:\/\/estado29.mx\/wp-content\/uploads\/2025\/05\/WhatsApp-Image-2025-05-12-at-4.45.44-PM-1-300x200.jpeg 300w, https:\/\/estado29.mx\/wp-content\/uploads\/2025\/05\/WhatsApp-Image-2025-05-12-at-4.45.44-PM-1-768x512.jpeg 768w, https:\/\/estado29.mx\/wp-content\/uploads\/2025\/05\/WhatsApp-Image-2025-05-12-at-4.45.44-PM-1-1536x1023.jpeg 1536w, https:\/\/estado29.mx\/wp-content\/uploads\/2025\/05\/WhatsApp-Image-2025-05-12-at-4.45.44-PM-1-750x500.jpeg 750w, https:\/\/estado29.mx\/wp-content\/uploads\/2025\/05\/WhatsApp-Image-2025-05-12-at-4.45.44-PM-1-1140x760.jpeg 1140w, https:\/\/estado29.mx\/wp-content\/uploads\/2025\/05\/WhatsApp-Image-2025-05-12-at-4.45.44-PM-1.jpeg 1600w\" sizes=\"auto, (max-width: 1024px) 100vw, 1024px\" \/><\/figure>\n\n\n\n<figure class=\"wp-block-image size-large\"><img loading=\"lazy\" decoding=\"async\" width=\"1024\" height=\"682\" data-id=\"95376\" src=\"https:\/\/estado29.mx\/wp-content\/uploads\/2025\/05\/WhatsApp-Image-2025-05-12-at-4.45.44-PM-1024x682.jpeg\" alt=\"\" class=\"wp-image-95376\" srcset=\"https:\/\/estado29.mx\/wp-content\/uploads\/2025\/05\/WhatsApp-Image-2025-05-12-at-4.45.44-PM-1024x682.jpeg 1024w, https:\/\/estado29.mx\/wp-content\/uploads\/2025\/05\/WhatsApp-Image-2025-05-12-at-4.45.44-PM-300x200.jpeg 300w, https:\/\/estado29.mx\/wp-content\/uploads\/2025\/05\/WhatsApp-Image-2025-05-12-at-4.45.44-PM-768x512.jpeg 768w, https:\/\/estado29.mx\/wp-content\/uploads\/2025\/05\/WhatsApp-Image-2025-05-12-at-4.45.44-PM-1536x1023.jpeg 1536w, https:\/\/estado29.mx\/wp-content\/uploads\/2025\/05\/WhatsApp-Image-2025-05-12-at-4.45.44-PM-750x500.jpeg 750w, https:\/\/estado29.mx\/wp-content\/uploads\/2025\/05\/WhatsApp-Image-2025-05-12-at-4.45.44-PM-1140x760.jpeg 1140w, https:\/\/estado29.mx\/wp-content\/uploads\/2025\/05\/WhatsApp-Image-2025-05-12-at-4.45.44-PM.jpeg 1600w\" sizes=\"auto, (max-width: 1024px) 100vw, 1024px\" \/><\/figure>\n<\/figure>\n\n\n\n<p>El edil tlaxcalteca evoc\u00f3 a Xicoht\u00e9ncatl Axayacatzin como un s\u00edmbolo de honor y valent\u00eda: \u201cEl hijo de Xicoht\u00e9ncatl no fue solo un guerrero incansable, sino un estratega que defendi\u00f3 con fervor la dignidad de su pueblo\u201d, afirmando que su legado hoy interpela a las nuevas generaciones a conservar la identidad y fortalecer la memoria hist\u00f3rica.<\/p>\n\n\n\n<p>Por su parte, el alcalde de La Antigua Guatemala record\u00f3 el acto protocolario donde del a\u00f1o pasado, y celebr\u00f3 que \u201choy se ratifica un hermanamiento hist\u00f3rico entre Tizatl\u00e1n y La Antigua Guatemala, basado en los lazos de sangre, cultura y resistencia\u201d. Acompa\u00f1ado por su equipo de gobierno y su esposa, expres\u00f3 sentirse en casa, \u201cllevando este acto grabado en lo m\u00e1s profundo del coraz\u00f3n guatemalteco\u201d.<\/p>\n\n\n\n<p>El delegado del INAH en Tlaxcala, Jos\u00e9 Vicente de la Rosa Herrera, resalt\u00f3 la riqueza arqueol\u00f3gica y simb\u00f3lica del sitio de Tizatl\u00e1n, donde se encuentra uno de los murales m\u00e1s significativos del siglo XVI, y refrend\u00f3 el compromiso institucional de preservar y difundir el patrimonio hist\u00f3rico de la entidad.<\/p>\n\n\n\n<p>Finalmente, el Presidente de Comunidad de San Esteban Tizatl\u00e1n, Porfirio Padilla M\u00e9ndez, dio la bienvenida a los asistentes, recordando que desde esta tierra brot\u00f3 la historia de un guerrero que sigue siendo ejemplo de liderazgo y autonom\u00eda. \u201cEstamos obligados a conservar las tradiciones que nos engrandecen como descendientes de la sangre de guerreros tlaxcaltecas\u201d, expres\u00f3.<\/p>\n\n\n\n<p>La ceremonia concluy\u00f3 con la participaci\u00f3n del Grupo Cultural Tizatl\u00e1n, Tercer Se\u00f1or\u00edo, quienes rindieron homenaje con una representaci\u00f3n cargada de simbolismo ancestral.<\/p>\n","protected":false},"excerpt":{"rendered":"<p>En el marco del 504 aniversario luctuoso del guerrero tlaxcalteca Xicoht\u00e9ncatl Axayacatzin, el presidente municipal de Tlaxcala, Alfonso S\u00e1nchez Garc\u00eda, encabez\u00f3 una ceremonia solemne en la comunidad de San Esteban Tizatl\u00e1n, s\u00edmbolo del legado hist\u00f3rico, la resistencia y la dignidad de los pueblos originarios. El evento cont\u00f3 con la presencia distinguida de la exgobernadora Beatriz [&hellip;]<\/p>\n","protected":false},"author":4,"featured_media":95374,"comment_status":"open","ping_status":"open","sticky":false,"template":"","format":"standard","meta":{"om_disable_all_campaigns":false,"_monsterinsights_skip_tracking":false,"_monsterinsights_sitenote_active":false,"_monsterinsights_sitenote_note":"","_monsterinsights_sitenote_category":0,"jnews-multi-image_gallery":[],"jnews_single_post":{"format":"standard"},"jnews_primary_category":[],"footnotes":""},"categories":[1],"tags":[],"class_list":["post-95373","post","type-post","status-publish","format-standard","has-post-thumbnail","hentry","category-uncategorized"],"aioseo_notices":[],"_links":{"self":[{"href":"https:\/\/estado29.mx\/index.php?rest_route=\/wp\/v2\/posts\/95373","targetHints":{"allow":["GET"]}}],"collection":[{"href":"https:\/\/estado29.mx\/index.php?rest_route=\/wp\/v2\/posts"}],"about":[{"href":"https:\/\/estado29.mx\/index.php?rest_route=\/wp\/v2\/types\/post"}],"author":[{"embeddable":true,"href":"https:\/\/estado29.mx\/index.php?rest_route=\/wp\/v2\/users\/4"}],"replies":[{"embeddable":true,"href":"https:\/\/estado29.mx\/index.php?rest_route=%2Fwp%2Fv2%2Fcomments&post=95373"}],"version-history":[{"count":1,"href":"https:\/\/estado29.mx\/index.php?rest_route=\/wp\/v2\/posts\/95373\/revisions"}],"predecessor-version":[{"id":95380,"href":"https:\/\/estado29.mx\/index.php?rest_route=\/wp\/v2\/posts\/95373\/revisions\/95380"}],"wp:featuredmedia":[{"embeddable":true,"href":"https:\/\/estado29.mx\/index.php?rest_route=\/wp\/v2\/media\/95374"}],"wp:attachment":[{"href":"https:\/\/estado29.mx\/index.php?rest_route=%2Fwp%2Fv2%2Fmedia&parent=95373"}],"wp:term":[{"taxonomy":"category","embeddable":true,"href":"https:\/\/estado29.mx\/index.php?rest_route=%2Fwp%2Fv2%2Fcategories&post=95373"},{"taxonomy":"post_tag","embeddable":true,"href":"https:\/\/estado29.mx\/index.php?rest_route=%2Fwp%2Fv2%2Ftags&post=95373"}],"curies":[{"name":"wp","href":"https:\/\/api.w.org\/{rel}","templated":true}]}}