{"id":95395,"date":"2025-05-13T11:13:53","date_gmt":"2025-05-13T11:13:53","guid":{"rendered":"https:\/\/estado29.mx\/?p=95395"},"modified":"2025-06-13T04:39:37","modified_gmt":"2025-06-13T04:39:37","slug":"se-incendia-vehiculo-en-xaloztoc-se-desconocen-las-causas","status":"publish","type":"post","link":"https:\/\/estado29.mx\/?p=95395","title":{"rendered":"Se incendia veh\u00edculo en Xaloztoc; se desconocen las causas."},"content":{"rendered":"\n<p>Paco Ugarte.<\/p>\n\n\n\n<p>Durante la tarde de este lunes, se recibi\u00f3 una llamada para brindar apoyo y lograr sofocar el incendio que se registraba en un autom\u00f3vil compacto color negro.<\/p>\n\n\n\n<p>Los hechos se registraron sobre la Adolfo L\u00f3pez Mateos, cerca de la gasolinera del centro de Xaloztoc.<\/p>\n\n\n\n<p>Afortunadamente no se encontraba nadie al interior de la unidad por lo que cuerpos de seguridad arribaron al sitio para sofocar el fuego con apoyo de extintores.<\/p>\n\n\n\n<p>Se presume que una falla en el sistema del autom\u00f3vil puedo haber sido la causante de este incidente, sin embargo, ser\u00e1s las autoridades quienes lo determinen.<\/p>\n","protected":false},"excerpt":{"rendered":"<p>Paco Ugarte. Durante la tarde de este lunes, se recibi\u00f3 una llamada para brindar apoyo y lograr sofocar el incendio que se registraba en un autom\u00f3vil compacto color negro. Los hechos se registraron sobre la Adolfo L\u00f3pez Mateos, cerca de la gasolinera del centro de Xaloztoc. Afortunadamente no se encontraba nadie al interior de la [&hellip;]<\/p>\n","protected":false},"author":5,"featured_media":95396,"comment_status":"open","ping_status":"open","sticky":false,"template":"","format":"standard","meta":{"om_disable_all_campaigns":false,"_monsterinsights_skip_tracking":false,"_monsterinsights_sitenote_active":false,"_monsterinsights_sitenote_note":"","_monsterinsights_sitenote_category":0,"jnews-multi-image_gallery":[],"jnews_single_post":{"format":"standard"},"jnews_primary_category":[],"footnotes":""},"categories":[1],"tags":[],"class_list":["post-95395","post","type-post","status-publish","format-standard","has-post-thumbnail","hentry","category-uncategorized"],"aioseo_notices":[],"_links":{"self":[{"href":"https:\/\/estado29.mx\/index.php?rest_route=\/wp\/v2\/posts\/95395","targetHints":{"allow":["GET"]}}],"collection":[{"href":"https:\/\/estado29.mx\/index.php?rest_route=\/wp\/v2\/posts"}],"about":[{"href":"https:\/\/estado29.mx\/index.php?rest_route=\/wp\/v2\/types\/post"}],"author":[{"embeddable":true,"href":"https:\/\/estado29.mx\/index.php?rest_route=\/wp\/v2\/users\/5"}],"replies":[{"embeddable":true,"href":"https:\/\/estado29.mx\/index.php?rest_route=%2Fwp%2Fv2%2Fcomments&post=95395"}],"version-history":[{"count":1,"href":"https:\/\/estado29.mx\/index.php?rest_route=\/wp\/v2\/posts\/95395\/revisions"}],"predecessor-version":[{"id":95397,"href":"https:\/\/estado29.mx\/index.php?rest_route=\/wp\/v2\/posts\/95395\/revisions\/95397"}],"wp:featuredmedia":[{"embeddable":true,"href":"https:\/\/estado29.mx\/index.php?rest_route=\/wp\/v2\/media\/95396"}],"wp:attachment":[{"href":"https:\/\/estado29.mx\/index.php?rest_route=%2Fwp%2Fv2%2Fmedia&parent=95395"}],"wp:term":[{"taxonomy":"category","embeddable":true,"href":"https:\/\/estado29.mx\/index.php?rest_route=%2Fwp%2Fv2%2Fcategories&post=95395"},{"taxonomy":"post_tag","embeddable":true,"href":"https:\/\/estado29.mx\/index.php?rest_route=%2Fwp%2Fv2%2Ftags&post=95395"}],"curies":[{"name":"wp","href":"https:\/\/api.w.org\/{rel}","templated":true}]}}