{"id":95398,"date":"2025-05-13T12:53:36","date_gmt":"2025-05-13T12:53:36","guid":{"rendered":"https:\/\/estado29.mx\/?p=95398"},"modified":"2025-06-13T04:39:27","modified_gmt":"2025-06-13T04:39:27","slug":"el-gobierno-municipal-de-tlaxcala-de-xicohtencatl-celebra-con-risas-y-reconocimiento-a-las-madres-en-su-dia","status":"publish","type":"post","link":"https:\/\/estado29.mx\/?p=95398","title":{"rendered":"El Gobierno Municipal de Tlaxcala de Xicoht\u00e9ncatl celebra con risas y reconocimiento a las madres en su d\u00eda"},"content":{"rendered":"<figure class=\"wp-block-post-featured-image\"><img loading=\"lazy\" decoding=\"async\" width=\"2560\" height=\"1706\" src=\"https:\/\/estado29.mx\/wp-content\/uploads\/2025\/05\/IMG-20250513-WA0016-scaled.jpg\" class=\"attachment-post-thumbnail size-post-thumbnail wp-post-image\" alt=\"\" style=\"object-fit:cover;\" srcset=\"https:\/\/estado29.mx\/wp-content\/uploads\/2025\/05\/IMG-20250513-WA0016-scaled.jpg 2560w, https:\/\/estado29.mx\/wp-content\/uploads\/2025\/05\/IMG-20250513-WA0016-300x200.jpg 300w, https:\/\/estado29.mx\/wp-content\/uploads\/2025\/05\/IMG-20250513-WA0016-1024x683.jpg 1024w, https:\/\/estado29.mx\/wp-content\/uploads\/2025\/05\/IMG-20250513-WA0016-768x512.jpg 768w, https:\/\/estado29.mx\/wp-content\/uploads\/2025\/05\/IMG-20250513-WA0016-1536x1024.jpg 1536w, https:\/\/estado29.mx\/wp-content\/uploads\/2025\/05\/IMG-20250513-WA0016-2048x1365.jpg 2048w, https:\/\/estado29.mx\/wp-content\/uploads\/2025\/05\/IMG-20250513-WA0016-750x500.jpg 750w, https:\/\/estado29.mx\/wp-content\/uploads\/2025\/05\/IMG-20250513-WA0016-1140x760.jpg 1140w\" sizes=\"auto, (max-width: 2560px) 100vw, 2560px\" \/><\/figure>\n\n\n<p>Con un emotivo desayuno para las trabajadoras del Ayuntamiento y un magno evento con la presentaci\u00f3n de la comediante Olgasana, el presidente municipal Alfonso S\u00e1nchez celebr\u00f3 a las madres con alegr\u00eda, reconocimiento y gratitud por su entrega diaria_<\/p>\n\n\n\n<p>En el marco del d\u00eda de las madres, el Gobierno Municipal de Tlaxcala de Xicoht\u00e9ncatl, encabezado por el presidente Alfonso S\u00e1nchez Garc\u00eda, celebr\u00f3 a las madres del municipio con un evento masivo organizado por el Sistema DIF Municipal.<\/p>\n\n\n\n<p>La celebraci\u00f3n tuvo lugar en el domo blanco del centro expositor, donde m\u00e1s de mil madres se dieron cita para disfrutar de un festejo lleno de sorpresas, regalos y la presentaci\u00f3n estelar de la reconocida comediante \u2018Olgasana\u2019, quien provoc\u00f3 carcajadas y momentos inolvidables para todas las asistentes.<\/p>\n\n\n\n<figure class=\"wp-block-gallery has-nested-images columns-default is-cropped wp-block-gallery-1 is-layout-flex wp-block-gallery-is-layout-flex\">\n\n\n<figure class=\"wp-block-image size-large\"><img loading=\"lazy\" decoding=\"async\" width=\"1024\" height=\"683\" data-id=\"95400\" src=\"https:\/\/estado29.mx\/wp-content\/uploads\/2025\/05\/1000368672-1024x683.jpg\" alt=\"\" class=\"wp-image-95400\" srcset=\"https:\/\/estado29.mx\/wp-content\/uploads\/2025\/05\/1000368672-1024x683.jpg 1024w, https:\/\/estado29.mx\/wp-content\/uploads\/2025\/05\/1000368672-300x200.jpg 300w, https:\/\/estado29.mx\/wp-content\/uploads\/2025\/05\/1000368672-768x512.jpg 768w, https:\/\/estado29.mx\/wp-content\/uploads\/2025\/05\/1000368672-1536x1024.jpg 1536w, https:\/\/estado29.mx\/wp-content\/uploads\/2025\/05\/1000368672-2048x1365.jpg 2048w, https:\/\/estado29.mx\/wp-content\/uploads\/2025\/05\/1000368672-750x500.jpg 750w, https:\/\/estado29.mx\/wp-content\/uploads\/2025\/05\/1000368672-1140x760.jpg 1140w\" sizes=\"auto, (max-width: 1024px) 100vw, 1024px\" \/><\/figure>\n\n\n\n<figure class=\"wp-block-image size-large\"><img loading=\"lazy\" decoding=\"async\" width=\"1024\" height=\"682\" data-id=\"95401\" src=\"https:\/\/estado29.mx\/wp-content\/uploads\/2025\/05\/1000368670-1024x682.jpg\" alt=\"\" class=\"wp-image-95401\" srcset=\"https:\/\/estado29.mx\/wp-content\/uploads\/2025\/05\/1000368670-1024x682.jpg 1024w, https:\/\/estado29.mx\/wp-content\/uploads\/2025\/05\/1000368670-300x200.jpg 300w, https:\/\/estado29.mx\/wp-content\/uploads\/2025\/05\/1000368670-768x512.jpg 768w, https:\/\/estado29.mx\/wp-content\/uploads\/2025\/05\/1000368670-1536x1024.jpg 1536w, https:\/\/estado29.mx\/wp-content\/uploads\/2025\/05\/1000368670-2048x1365.jpg 2048w, https:\/\/estado29.mx\/wp-content\/uploads\/2025\/05\/1000368670-750x500.jpg 750w, https:\/\/estado29.mx\/wp-content\/uploads\/2025\/05\/1000368670-1140x760.jpg 1140w\" sizes=\"auto, (max-width: 1024px) 100vw, 1024px\" \/><\/figure>\n\n\n\n<figure class=\"wp-block-image size-large\"><img loading=\"lazy\" decoding=\"async\" width=\"1024\" height=\"683\" data-id=\"95407\" src=\"https:\/\/estado29.mx\/wp-content\/uploads\/2025\/05\/1000368664-1024x683.jpg\" alt=\"\" class=\"wp-image-95407\" srcset=\"https:\/\/estado29.mx\/wp-content\/uploads\/2025\/05\/1000368664-1024x683.jpg 1024w, https:\/\/estado29.mx\/wp-content\/uploads\/2025\/05\/1000368664-300x200.jpg 300w, https:\/\/estado29.mx\/wp-content\/uploads\/2025\/05\/1000368664-768x512.jpg 768w, https:\/\/estado29.mx\/wp-content\/uploads\/2025\/05\/1000368664-1536x1024.jpg 1536w, https:\/\/estado29.mx\/wp-content\/uploads\/2025\/05\/1000368664-2048x1365.jpg 2048w, https:\/\/estado29.mx\/wp-content\/uploads\/2025\/05\/1000368664-750x500.jpg 750w, https:\/\/estado29.mx\/wp-content\/uploads\/2025\/05\/1000368664-1140x760.jpg 1140w\" sizes=\"auto, (max-width: 1024px) 100vw, 1024px\" \/><\/figure>\n\n\n\n\n\n\n\n\n\n<figure class=\"wp-block-image size-large\"><img loading=\"lazy\" decoding=\"async\" width=\"1024\" height=\"683\" data-id=\"95406\" src=\"https:\/\/estado29.mx\/wp-content\/uploads\/2025\/05\/1000368660-1024x683.jpg\" alt=\"\" class=\"wp-image-95406\" srcset=\"https:\/\/estado29.mx\/wp-content\/uploads\/2025\/05\/1000368660-1024x683.jpg 1024w, https:\/\/estado29.mx\/wp-content\/uploads\/2025\/05\/1000368660-300x200.jpg 300w, https:\/\/estado29.mx\/wp-content\/uploads\/2025\/05\/1000368660-768x512.jpg 768w, https:\/\/estado29.mx\/wp-content\/uploads\/2025\/05\/1000368660-1536x1024.jpg 1536w, https:\/\/estado29.mx\/wp-content\/uploads\/2025\/05\/1000368660-2048x1365.jpg 2048w, https:\/\/estado29.mx\/wp-content\/uploads\/2025\/05\/1000368660-750x500.jpg 750w, https:\/\/estado29.mx\/wp-content\/uploads\/2025\/05\/1000368660-1140x760.jpg 1140w\" sizes=\"auto, (max-width: 1024px) 100vw, 1024px\" \/><\/figure>\n\n\n\n<figure class=\"wp-block-image size-large\"><img loading=\"lazy\" decoding=\"async\" width=\"1024\" height=\"683\" data-id=\"95405\" src=\"https:\/\/estado29.mx\/wp-content\/uploads\/2025\/05\/1000368650-1024x683.jpg\" alt=\"\" class=\"wp-image-95405\" srcset=\"https:\/\/estado29.mx\/wp-content\/uploads\/2025\/05\/1000368650-1024x683.jpg 1024w, https:\/\/estado29.mx\/wp-content\/uploads\/2025\/05\/1000368650-300x200.jpg 300w, https:\/\/estado29.mx\/wp-content\/uploads\/2025\/05\/1000368650-768x512.jpg 768w, https:\/\/estado29.mx\/wp-content\/uploads\/2025\/05\/1000368650-1536x1024.jpg 1536w, https:\/\/estado29.mx\/wp-content\/uploads\/2025\/05\/1000368650-2048x1365.jpg 2048w, https:\/\/estado29.mx\/wp-content\/uploads\/2025\/05\/1000368650-750x500.jpg 750w, https:\/\/estado29.mx\/wp-content\/uploads\/2025\/05\/1000368650-1140x760.jpg 1140w\" sizes=\"auto, (max-width: 1024px) 100vw, 1024px\" \/><\/figure>\n\n\n\n<figure class=\"wp-block-image size-large\"><img loading=\"lazy\" decoding=\"async\" width=\"1024\" height=\"683\" data-id=\"95409\" src=\"https:\/\/estado29.mx\/wp-content\/uploads\/2025\/05\/1000368657-1024x683.jpg\" alt=\"\" class=\"wp-image-95409\" srcset=\"https:\/\/estado29.mx\/wp-content\/uploads\/2025\/05\/1000368657-1024x683.jpg 1024w, https:\/\/estado29.mx\/wp-content\/uploads\/2025\/05\/1000368657-300x200.jpg 300w, https:\/\/estado29.mx\/wp-content\/uploads\/2025\/05\/1000368657-768x512.jpg 768w, https:\/\/estado29.mx\/wp-content\/uploads\/2025\/05\/1000368657-1536x1024.jpg 1536w, https:\/\/estado29.mx\/wp-content\/uploads\/2025\/05\/1000368657-2048x1365.jpg 2048w, https:\/\/estado29.mx\/wp-content\/uploads\/2025\/05\/1000368657-750x500.jpg 750w, https:\/\/estado29.mx\/wp-content\/uploads\/2025\/05\/1000368657-1140x760.jpg 1140w\" sizes=\"auto, (max-width: 1024px) 100vw, 1024px\" \/><\/figure>\n<\/figure>\n\n\n\n<p>El alcalde Alfonso S\u00e1nchez Garc\u00eda y la presidenta honor\u00edfica del DIF Municipal, Marcela Gonz\u00e1lez Castillo, encabezaron el festejo, destacando el papel fundamental que desempe\u00f1an las madres en la construcci\u00f3n del tejido social y en el fortalecimiento de las familias.\u201cLes hacemos un merecido reconocimiento por el amor y cuidado que ponen para el desarrollo de sus hijos, ese es el mismo amor con el que se construye el futuro de Tlaxcala y de M\u00e9xico. Ustedes son las primeras cuidadoras, las educadoras y los pilares de nuestra sociedad\u201d, expres\u00f3 el presidente municipal, quien adem\u00e1s refrend\u00f3 su compromiso de seguir impulsando acciones que mejoren la calidad de vida de las mujeres en Tlaxcala de Xicoht\u00e9ncatl.Durante el evento, se realizaron rifas, entrega de obsequios y m\u00faltiples sorpresas, en un ambiente familiar que permiti\u00f3 a las asistentes disfrutar de una jornada llena de reconocimiento y cari\u00f1o.<\/p>\n\n\n\n<p>Adem\u00e1s del festejo masivo, el presidente Alfonso S\u00e1nchez Garc\u00eda tambi\u00e9n ofreci\u00f3 un desayuno para las madres colaboradoras del Gobierno Municipal de Tlaxcala, donde reconoci\u00f3 el compromiso, esfuerzo y dedicaci\u00f3n de las trabajadoras, tanto en su vida familiar como en el servicio p\u00fablico.\u201cGracias por lo que hacen por M\u00e9xico y Tlaxcala\u201d, destac\u00f3 el alcalde, quien reiter\u00f3 su compromiso de encabezar una administraci\u00f3n cercana y humana, que procure el bienestar de sus trabajadoras y de todos los habitantes del municipio.<\/p>\n","protected":false},"excerpt":{"rendered":"<p>Con un emotivo desayuno para las trabajadoras del Ayuntamiento y un magno evento con la presentaci\u00f3n de la comediante Olgasana, el presidente municipal Alfonso S\u00e1nchez celebr\u00f3 a las madres con alegr\u00eda, reconocimiento y gratitud por su entrega diaria_ En el marco del d\u00eda de las madres, el Gobierno Municipal de Tlaxcala de Xicoht\u00e9ncatl, encabezado por [&hellip;]<\/p>\n","protected":false},"author":4,"featured_media":95399,"comment_status":"open","ping_status":"open","sticky":false,"template":"","format":"standard","meta":{"om_disable_all_campaigns":false,"_monsterinsights_skip_tracking":false,"_monsterinsights_sitenote_active":false,"_monsterinsights_sitenote_note":"","_monsterinsights_sitenote_category":0,"jnews-multi-image_gallery":[],"jnews_single_post":{"format":"standard"},"jnews_primary_category":[],"footnotes":""},"categories":[1],"tags":[],"class_list":["post-95398","post","type-post","status-publish","format-standard","has-post-thumbnail","hentry","category-uncategorized"],"aioseo_notices":[],"_links":{"self":[{"href":"https:\/\/estado29.mx\/index.php?rest_route=\/wp\/v2\/posts\/95398","targetHints":{"allow":["GET"]}}],"collection":[{"href":"https:\/\/estado29.mx\/index.php?rest_route=\/wp\/v2\/posts"}],"about":[{"href":"https:\/\/estado29.mx\/index.php?rest_route=\/wp\/v2\/types\/post"}],"author":[{"embeddable":true,"href":"https:\/\/estado29.mx\/index.php?rest_route=\/wp\/v2\/users\/4"}],"replies":[{"embeddable":true,"href":"https:\/\/estado29.mx\/index.php?rest_route=%2Fwp%2Fv2%2Fcomments&post=95398"}],"version-history":[{"count":1,"href":"https:\/\/estado29.mx\/index.php?rest_route=\/wp\/v2\/posts\/95398\/revisions"}],"predecessor-version":[{"id":95410,"href":"https:\/\/estado29.mx\/index.php?rest_route=\/wp\/v2\/posts\/95398\/revisions\/95410"}],"wp:featuredmedia":[{"embeddable":true,"href":"https:\/\/estado29.mx\/index.php?rest_route=\/wp\/v2\/media\/95399"}],"wp:attachment":[{"href":"https:\/\/estado29.mx\/index.php?rest_route=%2Fwp%2Fv2%2Fmedia&parent=95398"}],"wp:term":[{"taxonomy":"category","embeddable":true,"href":"https:\/\/estado29.mx\/index.php?rest_route=%2Fwp%2Fv2%2Fcategories&post=95398"},{"taxonomy":"post_tag","embeddable":true,"href":"https:\/\/estado29.mx\/index.php?rest_route=%2Fwp%2Fv2%2Ftags&post=95398"}],"curies":[{"name":"wp","href":"https:\/\/api.w.org\/{rel}","templated":true}]}}