{"id":95438,"date":"2025-05-14T13:14:44","date_gmt":"2025-05-14T13:14:44","guid":{"rendered":"https:\/\/estado29.mx\/?p=95438"},"modified":"2025-06-13T05:10:51","modified_gmt":"2025-06-13T05:10:51","slug":"firma-icatlax-convenio-con-el-ayuntamiento-de-tenancingo-para-impulsar-oferta-educativa","status":"publish","type":"post","link":"https:\/\/estado29.mx\/?p=95438","title":{"rendered":"Firma ICATLAX convenio con el ayuntamiento de Tenancingo para impulsar oferta educativa"},"content":{"rendered":"\n<p><\/p>\n\n\n\n<p>*Buscan fortalecer el desarrollo de competencias laborales para la empleabilidad, el autoempleo y el emprendimiento<\/p>\n\n\n\n<p>Con el objetivo de fortalecer las oportunidades de desarrollo personal y profesional de la ciudadan\u00eda, el Instituto de Capacitaci\u00f3n para el Trabajo del Estado de Tlaxcala (Icatlax) y el ayuntamiento de Tenancingo firmaron un convenio de colaboraci\u00f3n que permitir\u00e1 acercar una oferta educativa pertinente y de calidad a este municipio.<\/p>\n\n\n\n<p>La firma del acuerdo tuvo lugar en las instalaciones del Sistema Municipal para el Desarrollo Integral de la Familia (DIFM) de Tenancingo, con la participaci\u00f3n del presidente municipal, Emmanuel Contreras Corona, y Juan Javier Potrero Tizamitl, director general de Icatlax, en presencia de autoridades locales y personal del instituto.<\/p>\n\n\n\n<p>Durante el acto protocolario, el presidente municipal expres\u00f3 su entusiasmo por esta alianza, destacando que \u201ccon este convenio, reafirmamos nuestro compromiso con el desarrollo de la gente de Tenancingo, generando herramientas reales para su crecimiento\u201d.<\/p>\n\n\n\n<p>Por su parte, el titular del Icatlax subray\u00f3 la relevancia de unir esfuerzos institucionales para generar impacto social: \u201cHoy celebramos una alianza que fortalece el tejido social, a trav\u00e9s de la capacitaci\u00f3n. [\u2026] Gracias por confiar en Icatlax como un aliado para el progreso de su municipio&#8221;, dijo.<\/p>\n\n\n\n<p>Las autoridades reconocieron y agradecieron el respaldo de la gobernadora Lorena Cu\u00e9llar Cisneros, por impulsar pol\u00edticas p\u00fablicas que fomentan el acceso a la capacitaci\u00f3n y la mejora continua de las y los tlaxcaltecas.<\/p>\n\n\n\n<p>Con acciones como esta, el Icatlax se consolida como una instituci\u00f3n cercana a las necesidades de la poblaci\u00f3n, promoviendo el desarrollo de competencias laborales para la empleabilidad, el autoempleo y el emprendimiento.<\/p>\n","protected":false},"excerpt":{"rendered":"<p>*Buscan fortalecer el desarrollo de competencias laborales para la empleabilidad, el autoempleo y el emprendimiento Con el objetivo de fortalecer las oportunidades de desarrollo personal y profesional de la ciudadan\u00eda, el Instituto de Capacitaci\u00f3n para el Trabajo del Estado de Tlaxcala (Icatlax) y el ayuntamiento de Tenancingo firmaron un convenio de colaboraci\u00f3n que permitir\u00e1 acercar [&hellip;]<\/p>\n","protected":false},"author":4,"featured_media":95439,"comment_status":"open","ping_status":"open","sticky":false,"template":"","format":"standard","meta":{"om_disable_all_campaigns":false,"_monsterinsights_skip_tracking":false,"_monsterinsights_sitenote_active":false,"_monsterinsights_sitenote_note":"","_monsterinsights_sitenote_category":0,"jnews-multi-image_gallery":[],"jnews_single_post":{"format":"standard"},"jnews_primary_category":[],"footnotes":""},"categories":[1],"tags":[],"class_list":["post-95438","post","type-post","status-publish","format-standard","has-post-thumbnail","hentry","category-uncategorized"],"aioseo_notices":[],"_links":{"self":[{"href":"https:\/\/estado29.mx\/index.php?rest_route=\/wp\/v2\/posts\/95438","targetHints":{"allow":["GET"]}}],"collection":[{"href":"https:\/\/estado29.mx\/index.php?rest_route=\/wp\/v2\/posts"}],"about":[{"href":"https:\/\/estado29.mx\/index.php?rest_route=\/wp\/v2\/types\/post"}],"author":[{"embeddable":true,"href":"https:\/\/estado29.mx\/index.php?rest_route=\/wp\/v2\/users\/4"}],"replies":[{"embeddable":true,"href":"https:\/\/estado29.mx\/index.php?rest_route=%2Fwp%2Fv2%2Fcomments&post=95438"}],"version-history":[{"count":1,"href":"https:\/\/estado29.mx\/index.php?rest_route=\/wp\/v2\/posts\/95438\/revisions"}],"predecessor-version":[{"id":95440,"href":"https:\/\/estado29.mx\/index.php?rest_route=\/wp\/v2\/posts\/95438\/revisions\/95440"}],"wp:featuredmedia":[{"embeddable":true,"href":"https:\/\/estado29.mx\/index.php?rest_route=\/wp\/v2\/media\/95439"}],"wp:attachment":[{"href":"https:\/\/estado29.mx\/index.php?rest_route=%2Fwp%2Fv2%2Fmedia&parent=95438"}],"wp:term":[{"taxonomy":"category","embeddable":true,"href":"https:\/\/estado29.mx\/index.php?rest_route=%2Fwp%2Fv2%2Fcategories&post=95438"},{"taxonomy":"post_tag","embeddable":true,"href":"https:\/\/estado29.mx\/index.php?rest_route=%2Fwp%2Fv2%2Ftags&post=95438"}],"curies":[{"name":"wp","href":"https:\/\/api.w.org\/{rel}","templated":true}]}}