{"id":95444,"date":"2025-05-14T13:26:25","date_gmt":"2025-05-14T13:26:25","guid":{"rendered":"https:\/\/estado29.mx\/?p=95444"},"modified":"2025-06-13T05:10:38","modified_gmt":"2025-06-13T05:10:38","slug":"continuan-los-talleres-memorias-comunitarias-en-tetla-de-la-solidaridad-secretaria-de-cultura","status":"publish","type":"post","link":"https:\/\/estado29.mx\/?p=95444","title":{"rendered":"Contin\u00faan los talleres \u201cmemorias comunitarias\u201d en Tetla de la solidaridad: secretar\u00eda de cultura"},"content":{"rendered":"\n<p>La Secretar\u00eda de Cultura de Tlaxcala (SC), en coordinaci\u00f3n con la Secretar\u00eda de Cultura del Gobierno de M\u00e9xico, el Archivo General de la Naci\u00f3n (AGN) y Memoria Hist\u00f3rica, contin\u00faa con el taller \u201cMemorias comunitarias\u201d. Se trata de un espacio formativo que busca acompa\u00f1ar a los habitantes de Tetla de la Solidaridad con el ejemplo de la preservaci\u00f3n del archivo hist\u00f3rico de San Sim\u00f3n Tlatlahuquitepec, un fondo documental que data de finales del siglo XV y que actualmente se resguarda en la fiscal\u00eda del pueblo.<\/p>\n\n\n\n<p>Este valioso archivo contiene testimonios sobre la vida pol\u00edtica, social y cultural de la antigua Tlaxcallan y representa una fuente viva de identidad comunitaria.<\/p>\n\n\n\n<p>Los talleres, que son gratuitos y abiertos al p\u00fablico sin registro previo, se desarrollan en m\u00f3dulos tem\u00e1ticos los d\u00edas viernes (de 16:00 a 18:00 horas) y s\u00e1bados (de 10:00 a 14:00 horas), sumando un total de 60 horas. Al concluir, las y los participantes recibir\u00e1n constancia de asistencia.<\/p>\n\n\n\n<p>Las pr\u00f3ximas sesiones se realizar\u00e1n el 16 y 17 de mayo en el Centro de Convenciones de Tetla de la Solidaridad, y son correspondientes al M\u00f3dulo II: Estrategias y metodolog\u00edas para la gesti\u00f3n documental, donde se abordar\u00e1n herramientas pr\u00e1cticas para la organizaci\u00f3n, clasificaci\u00f3n y conservaci\u00f3n de archivos comunitarios.<\/p>\n\n\n\n<p>Estas sesiones contar\u00e1n con la participaci\u00f3n de dos especialistas del AGN, ampliamente reconocidos en el \u00e1mbito archiv\u00edstico nacional.<\/p>\n\n\n\n<p>Uno de ellos es Gustavo Ulices Hern\u00e1ndez Villanueva, licenciado en Derecho por la UNAM, en Archivonom\u00eda por la ENBA, y maestro en Pol\u00edticas P\u00fablicas. Desde 2009, ha trabajado en archivos institucionales como Palacio Nacional, la DGTVE, y la Guardia Nacional. Actualmente es Jefe de Capacitaci\u00f3n Archiv\u00edstica del AGN; cuenta con certificaciones nacionales en procesos t\u00e9cnicos y coordinaci\u00f3n archiv\u00edstica, y ha impartido talleres y diplomados en diversas entidades del pa\u00eds.<\/p>\n\n\n\n<p>Tambi\u00e9n participar\u00e1 Elsa Saavedra Castro, licenciada en Archivonom\u00eda por el IPN, perito en Documentos Cuestionados y maestra en Administraci\u00f3n Estrat\u00e9gica. Se ha desempe\u00f1ado como Jefa del Departamento de Archivos de la Administraci\u00f3n P\u00fablica Federal y actualmente es Subdirectora de Cumplimiento Normativo Archiv\u00edstico en el AGN. Ha colaborado con instituciones como la ANUIES y ha impartido diplomados sobre gesti\u00f3n documental en universidades de Guanajuato, Nuevo Le\u00f3n y Baja California.<\/p>\n\n\n\n<p>El taller contempla pr\u00f3ximos m\u00f3dulos dedicados a temas clave como derechos patrimoniales, historia oral, digitalizaci\u00f3n y preservaci\u00f3n t\u00e9cnica, con participaci\u00f3n de expertos del INAH, INDAUTOR, UNAM y otras instituciones. La formaci\u00f3n est\u00e1 dise\u00f1ada para fortalecer las capacidades locales en torno al resguardo de la memoria comunitaria.<\/p>\n\n\n\n<p>Una etapa destacada del programa ser\u00e1 la intervenci\u00f3n t\u00e9cnica del AGN del 8 al 12 de septiembre, cuando un equipo especializado se trasladar\u00e1 al municipio para realizar trabajos de digitalizaci\u00f3n de archivos bajo est\u00e1ndares t\u00e9cnicos y legales, con miras a garantizar su conservaci\u00f3n a largo plazo.<\/p>\n\n\n\n<p>Se invita a todas las personas interesadas en la historia, identidad y cultura documental de Tlaxcala a sumarse a esta experiencia \u00fanica de formaci\u00f3n comunitaria. Para m\u00e1s informaci\u00f3n y actualizaciones, se recomienda seguir las redes sociales oficiales de la Secretar\u00eda de Cultura de Tlaxcala.<\/p>\n","protected":false},"excerpt":{"rendered":"<p>La Secretar\u00eda de Cultura de Tlaxcala (SC), en coordinaci\u00f3n con la Secretar\u00eda de Cultura del Gobierno de M\u00e9xico, el Archivo General de la Naci\u00f3n (AGN) y Memoria Hist\u00f3rica, contin\u00faa con el taller \u201cMemorias comunitarias\u201d. Se trata de un espacio formativo que busca acompa\u00f1ar a los habitantes de Tetla de la Solidaridad con el ejemplo de [&hellip;]<\/p>\n","protected":false},"author":4,"featured_media":95445,"comment_status":"open","ping_status":"open","sticky":false,"template":"","format":"standard","meta":{"om_disable_all_campaigns":false,"_monsterinsights_skip_tracking":false,"_monsterinsights_sitenote_active":false,"_monsterinsights_sitenote_note":"","_monsterinsights_sitenote_category":0,"jnews-multi-image_gallery":[],"jnews_single_post":{"format":"standard"},"jnews_primary_category":[],"footnotes":""},"categories":[1],"tags":[],"class_list":["post-95444","post","type-post","status-publish","format-standard","has-post-thumbnail","hentry","category-uncategorized"],"aioseo_notices":[],"_links":{"self":[{"href":"https:\/\/estado29.mx\/index.php?rest_route=\/wp\/v2\/posts\/95444","targetHints":{"allow":["GET"]}}],"collection":[{"href":"https:\/\/estado29.mx\/index.php?rest_route=\/wp\/v2\/posts"}],"about":[{"href":"https:\/\/estado29.mx\/index.php?rest_route=\/wp\/v2\/types\/post"}],"author":[{"embeddable":true,"href":"https:\/\/estado29.mx\/index.php?rest_route=\/wp\/v2\/users\/4"}],"replies":[{"embeddable":true,"href":"https:\/\/estado29.mx\/index.php?rest_route=%2Fwp%2Fv2%2Fcomments&post=95444"}],"version-history":[{"count":1,"href":"https:\/\/estado29.mx\/index.php?rest_route=\/wp\/v2\/posts\/95444\/revisions"}],"predecessor-version":[{"id":95446,"href":"https:\/\/estado29.mx\/index.php?rest_route=\/wp\/v2\/posts\/95444\/revisions\/95446"}],"wp:featuredmedia":[{"embeddable":true,"href":"https:\/\/estado29.mx\/index.php?rest_route=\/wp\/v2\/media\/95445"}],"wp:attachment":[{"href":"https:\/\/estado29.mx\/index.php?rest_route=%2Fwp%2Fv2%2Fmedia&parent=95444"}],"wp:term":[{"taxonomy":"category","embeddable":true,"href":"https:\/\/estado29.mx\/index.php?rest_route=%2Fwp%2Fv2%2Fcategories&post=95444"},{"taxonomy":"post_tag","embeddable":true,"href":"https:\/\/estado29.mx\/index.php?rest_route=%2Fwp%2Fv2%2Ftags&post=95444"}],"curies":[{"name":"wp","href":"https:\/\/api.w.org\/{rel}","templated":true}]}}