{"id":95453,"date":"2025-05-14T11:47:12","date_gmt":"2025-05-14T11:47:12","guid":{"rendered":"https:\/\/estado29.mx\/?p=95453"},"modified":"2025-06-13T05:10:21","modified_gmt":"2025-06-13T05:10:21","slug":"madre-de-sandra-vega-desesperada-pide-autoridades-de-puebla-y-tlaxcala-agilicen-busqueda-de-su-hija","status":"publish","type":"post","link":"https:\/\/estado29.mx\/?p=95453","title":{"rendered":"Madre de Sandra Vega, desesperada pide autoridades de Puebla y Tlaxcala, agilicen b\u00fasqueda de su hija.\u00a0"},"content":{"rendered":"\n<p>Paco Ugarte.<\/p>\n\n\n\n<p>A casi un a\u00f1o de la desaparici\u00f3n de Sandra Vega, originaria de El Carmen Tequexquitla y quien se desempe\u00f1aba como elemento de seguridad p\u00fablica en Huejotzingo, Puebla, su madre la se\u00f1ora Leticia Cantero Valencia pide desesperadamente agilizar los trabajos de b\u00fasqueda.&nbsp;<\/p>\n\n\n\n<p>Lament\u00f3 la posici\u00f3n que han tomado las autoridades de Puebla y Tlaxcala, quienes ya no muestran avance en la investigaci\u00f3n de su hija, a casi un a\u00f1o de su desaparici\u00f3n.&nbsp;<\/p>\n\n\n\n<p>Lament\u00f3 la posici\u00f3n que han tomado la alcaldesa de Tequexquitla, Araceli Mart\u00ednez Cortez, quien se\u00f1al\u00f3 en su momento se le apoy\u00f3 y ahora ya hace desconocer el tema y a la propia familia.&nbsp;&nbsp;<\/p>\n\n\n\n<p>\u201cQue se compadezcan de m\u00ed y de su hija, por lo menos quiero tener un lugar donde ir a llorar a mi hija, pero que hagan algo, desgraciadamente no tengo los recursos para hacer algo m\u00e1s para buscar a mi hija y solo hago tortillas para sacar adelante a mi nieta, por eso pido que me ayuden\u201d, clam\u00f3 do\u00f1a Leticia a las autoridades.<\/p>\n\n\n\n<p>Finaliz\u00f3 se\u00f1alando que la Direcci\u00f3n de Seguridad P\u00fablica de Huejotzingo, ligar donde se desempe\u00f1aba Sandra Vega, se desatendi\u00f3 de la desaparici\u00f3n y neg\u00f3 en todo momento apoyarla.<\/p>\n","protected":false},"excerpt":{"rendered":"<p>Paco Ugarte. A casi un a\u00f1o de la desaparici\u00f3n de Sandra Vega, originaria de El Carmen Tequexquitla y quien se desempe\u00f1aba como elemento de seguridad p\u00fablica en Huejotzingo, Puebla, su madre la se\u00f1ora Leticia Cantero Valencia pide desesperadamente agilizar los trabajos de b\u00fasqueda.&nbsp; Lament\u00f3 la posici\u00f3n que han tomado las autoridades de Puebla y Tlaxcala, [&hellip;]<\/p>\n","protected":false},"author":5,"featured_media":95454,"comment_status":"open","ping_status":"open","sticky":false,"template":"","format":"standard","meta":{"om_disable_all_campaigns":false,"_monsterinsights_skip_tracking":false,"_monsterinsights_sitenote_active":false,"_monsterinsights_sitenote_note":"","_monsterinsights_sitenote_category":0,"jnews-multi-image_gallery":[],"jnews_single_post":{"format":"standard"},"jnews_primary_category":[],"footnotes":""},"categories":[1],"tags":[],"class_list":["post-95453","post","type-post","status-publish","format-standard","has-post-thumbnail","hentry","category-uncategorized"],"aioseo_notices":[],"_links":{"self":[{"href":"https:\/\/estado29.mx\/index.php?rest_route=\/wp\/v2\/posts\/95453","targetHints":{"allow":["GET"]}}],"collection":[{"href":"https:\/\/estado29.mx\/index.php?rest_route=\/wp\/v2\/posts"}],"about":[{"href":"https:\/\/estado29.mx\/index.php?rest_route=\/wp\/v2\/types\/post"}],"author":[{"embeddable":true,"href":"https:\/\/estado29.mx\/index.php?rest_route=\/wp\/v2\/users\/5"}],"replies":[{"embeddable":true,"href":"https:\/\/estado29.mx\/index.php?rest_route=%2Fwp%2Fv2%2Fcomments&post=95453"}],"version-history":[{"count":1,"href":"https:\/\/estado29.mx\/index.php?rest_route=\/wp\/v2\/posts\/95453\/revisions"}],"predecessor-version":[{"id":95455,"href":"https:\/\/estado29.mx\/index.php?rest_route=\/wp\/v2\/posts\/95453\/revisions\/95455"}],"wp:featuredmedia":[{"embeddable":true,"href":"https:\/\/estado29.mx\/index.php?rest_route=\/wp\/v2\/media\/95454"}],"wp:attachment":[{"href":"https:\/\/estado29.mx\/index.php?rest_route=%2Fwp%2Fv2%2Fmedia&parent=95453"}],"wp:term":[{"taxonomy":"category","embeddable":true,"href":"https:\/\/estado29.mx\/index.php?rest_route=%2Fwp%2Fv2%2Fcategories&post=95453"},{"taxonomy":"post_tag","embeddable":true,"href":"https:\/\/estado29.mx\/index.php?rest_route=%2Fwp%2Fv2%2Ftags&post=95453"}],"curies":[{"name":"wp","href":"https:\/\/api.w.org\/{rel}","templated":true}]}}