{"id":95466,"date":"2025-05-15T15:56:58","date_gmt":"2025-05-15T15:56:58","guid":{"rendered":"https:\/\/estado29.mx\/?p=95466"},"modified":"2025-06-13T05:15:18","modified_gmt":"2025-06-13T05:15:18","slug":"controlan-en-un-100-incendio-en-atltzayanca","status":"publish","type":"post","link":"https:\/\/estado29.mx\/?p=95466","title":{"rendered":"Controlan en un 100% incendio en Atltzayanca."},"content":{"rendered":"\n<p>Paco Ugarte.&nbsp;<\/p>\n\n\n\n<p>Autoridades municipales esta noche informaron que se logr\u00f3 sofocar al 100 el incendio forestal que se registr\u00f3 durante esta tarde en la comunidad de Ocotitla perteneciente al municipio de Atltzayanca.<\/p>\n\n\n\n<p>Se\u00f1alaron que aunque no pas\u00f3 a mayores r\u00e1pidamente se activaron los protocolos de atenci\u00f3n y reacci\u00f3n por parte de protecci\u00f3n civil, polic\u00eda municipal, adem\u00e1s del presidente de Mesa Redonda, comisariados de Ocotitla, voluntarios de Cristalaco, la Garita y brigada de Ocotitla.<\/p>\n\n\n\n<p>Lamentaron que nuevamente se presentaran este tipo de situaciones, sin embargo, ya se investigar\u00e1 si el incendio fue provocado por alguna persona.<\/p>\n\n\n\n<p>Los voluntarios se\u00f1alaron que a pesar de las lluvias que se han registrado, el calor genera sequ\u00eda r\u00e1pidamente, haciendo un llamado a reportar este tipo de actividades y denunciar a quienes las provoquen.&nbsp;<\/p>\n\n\n\n<p>Finalmente informaron que ser\u00e1 en pr\u00f3ximos d\u00edas determinar las hect\u00e1reas afectadas, sin embargo, descartaron riesgo para la flora, fauna y vecinos de la zona.&nbsp;<\/p>\n","protected":false},"excerpt":{"rendered":"<p>Paco Ugarte.&nbsp; Autoridades municipales esta noche informaron que se logr\u00f3 sofocar al 100 el incendio forestal que se registr\u00f3 durante esta tarde en la comunidad de Ocotitla perteneciente al municipio de Atltzayanca. Se\u00f1alaron que aunque no pas\u00f3 a mayores r\u00e1pidamente se activaron los protocolos de atenci\u00f3n y reacci\u00f3n por parte de protecci\u00f3n civil, polic\u00eda municipal, [&hellip;]<\/p>\n","protected":false},"author":5,"featured_media":95467,"comment_status":"open","ping_status":"open","sticky":false,"template":"","format":"standard","meta":{"om_disable_all_campaigns":false,"_monsterinsights_skip_tracking":false,"_monsterinsights_sitenote_active":false,"_monsterinsights_sitenote_note":"","_monsterinsights_sitenote_category":0,"jnews-multi-image_gallery":[],"jnews_single_post":{"format":"standard"},"jnews_primary_category":[],"footnotes":""},"categories":[1],"tags":[],"class_list":["post-95466","post","type-post","status-publish","format-standard","has-post-thumbnail","hentry","category-uncategorized"],"aioseo_notices":[],"_links":{"self":[{"href":"https:\/\/estado29.mx\/index.php?rest_route=\/wp\/v2\/posts\/95466","targetHints":{"allow":["GET"]}}],"collection":[{"href":"https:\/\/estado29.mx\/index.php?rest_route=\/wp\/v2\/posts"}],"about":[{"href":"https:\/\/estado29.mx\/index.php?rest_route=\/wp\/v2\/types\/post"}],"author":[{"embeddable":true,"href":"https:\/\/estado29.mx\/index.php?rest_route=\/wp\/v2\/users\/5"}],"replies":[{"embeddable":true,"href":"https:\/\/estado29.mx\/index.php?rest_route=%2Fwp%2Fv2%2Fcomments&post=95466"}],"version-history":[{"count":2,"href":"https:\/\/estado29.mx\/index.php?rest_route=\/wp\/v2\/posts\/95466\/revisions"}],"predecessor-version":[{"id":95469,"href":"https:\/\/estado29.mx\/index.php?rest_route=\/wp\/v2\/posts\/95466\/revisions\/95469"}],"wp:featuredmedia":[{"embeddable":true,"href":"https:\/\/estado29.mx\/index.php?rest_route=\/wp\/v2\/media\/95467"}],"wp:attachment":[{"href":"https:\/\/estado29.mx\/index.php?rest_route=%2Fwp%2Fv2%2Fmedia&parent=95466"}],"wp:term":[{"taxonomy":"category","embeddable":true,"href":"https:\/\/estado29.mx\/index.php?rest_route=%2Fwp%2Fv2%2Fcategories&post=95466"},{"taxonomy":"post_tag","embeddable":true,"href":"https:\/\/estado29.mx\/index.php?rest_route=%2Fwp%2Fv2%2Ftags&post=95466"}],"curies":[{"name":"wp","href":"https:\/\/api.w.org\/{rel}","templated":true}]}}