{"id":95505,"date":"2025-05-16T11:18:28","date_gmt":"2025-05-16T11:18:28","guid":{"rendered":"https:\/\/estado29.mx\/?p=95505"},"modified":"2025-06-13T05:20:50","modified_gmt":"2025-06-13T05:20:50","slug":"tragedia-en-la-amozoc-perote-accidente-fatal-cobra-una-vida","status":"publish","type":"post","link":"https:\/\/estado29.mx\/?p=95505","title":{"rendered":"Tragedia en la Amozoc-Perote: accidente fatal cobra una vida"},"content":{"rendered":"\n<p>Una mujer perdi\u00f3 la vida tras un accidente m\u00faltiple entre un tr\u00e1iler y dos veh\u00edculos en la mal llamada autopista Amozoc-Perote, a la altura del kil\u00f3metro 51, durante esta tarde.<\/p>\n\n\n\n<p>El percance mortal ocurri\u00f3 a la altura del puente que conecta Santa Mar\u00eda Las Cuevas con la Colonia Jos\u00e9 Mar\u00eda Morelos en Atltzayanca.<\/p>\n\n\n\n<p>Un tr\u00e1iler y dos veh\u00edculos particulares, un Aveo gris y un Suzuki Ignis rojo colisionaron, dejando evidentes da\u00f1os materiales y el incendio de la pesada unidad.<\/p>\n\n\n\n<p>El accidente result\u00f3 en la muerte de una mujer que qued\u00f3 prensada en un Chevrolet Aveo de color gris. Adem\u00e1s, seis personas resultaron heridas y fueron atendidas por param\u00e9dicos en el lugar.<\/p>\n\n\n\n<p>La Guardia Nacional fue la primera en arribar, efectuando ayuda a las v\u00edctimas y realizando un abanderamiento y acordonamiento.<\/p>\n\n\n\n<p>La Fiscal\u00eda General de Justicia del Estado fue notificada e iniciaron con las diligencias correspondientes.<\/p>\n\n\n\n<p>El equipo de Rescate Urbano de la Cruz Roja se encarg\u00f3 de rescatar el cuerpo de la mujer prensada.<\/p>\n\n\n\n<p>La autopista permanece cerrada mientras se llevan a cabo las investigaciones para determinar las causas exactas del accidente.<\/p>\n","protected":false},"excerpt":{"rendered":"<p>Una mujer perdi\u00f3 la vida tras un accidente m\u00faltiple entre un tr\u00e1iler y dos veh\u00edculos en la mal llamada autopista Amozoc-Perote, a la altura del kil\u00f3metro 51, durante esta tarde. El percance mortal ocurri\u00f3 a la altura del puente que conecta Santa Mar\u00eda Las Cuevas con la Colonia Jos\u00e9 Mar\u00eda Morelos en Atltzayanca. Un tr\u00e1iler [&hellip;]<\/p>\n","protected":false},"author":5,"featured_media":95506,"comment_status":"open","ping_status":"open","sticky":false,"template":"","format":"standard","meta":{"om_disable_all_campaigns":false,"_monsterinsights_skip_tracking":false,"_monsterinsights_sitenote_active":false,"_monsterinsights_sitenote_note":"","_monsterinsights_sitenote_category":0,"jnews-multi-image_gallery":[],"jnews_single_post":{"format":"standard"},"jnews_primary_category":[],"footnotes":""},"categories":[1],"tags":[],"class_list":["post-95505","post","type-post","status-publish","format-standard","has-post-thumbnail","hentry","category-uncategorized"],"aioseo_notices":[],"_links":{"self":[{"href":"https:\/\/estado29.mx\/index.php?rest_route=\/wp\/v2\/posts\/95505","targetHints":{"allow":["GET"]}}],"collection":[{"href":"https:\/\/estado29.mx\/index.php?rest_route=\/wp\/v2\/posts"}],"about":[{"href":"https:\/\/estado29.mx\/index.php?rest_route=\/wp\/v2\/types\/post"}],"author":[{"embeddable":true,"href":"https:\/\/estado29.mx\/index.php?rest_route=\/wp\/v2\/users\/5"}],"replies":[{"embeddable":true,"href":"https:\/\/estado29.mx\/index.php?rest_route=%2Fwp%2Fv2%2Fcomments&post=95505"}],"version-history":[{"count":1,"href":"https:\/\/estado29.mx\/index.php?rest_route=\/wp\/v2\/posts\/95505\/revisions"}],"predecessor-version":[{"id":95507,"href":"https:\/\/estado29.mx\/index.php?rest_route=\/wp\/v2\/posts\/95505\/revisions\/95507"}],"wp:featuredmedia":[{"embeddable":true,"href":"https:\/\/estado29.mx\/index.php?rest_route=\/wp\/v2\/media\/95506"}],"wp:attachment":[{"href":"https:\/\/estado29.mx\/index.php?rest_route=%2Fwp%2Fv2%2Fmedia&parent=95505"}],"wp:term":[{"taxonomy":"category","embeddable":true,"href":"https:\/\/estado29.mx\/index.php?rest_route=%2Fwp%2Fv2%2Fcategories&post=95505"},{"taxonomy":"post_tag","embeddable":true,"href":"https:\/\/estado29.mx\/index.php?rest_route=%2Fwp%2Fv2%2Ftags&post=95505"}],"curies":[{"name":"wp","href":"https:\/\/api.w.org\/{rel}","templated":true}]}}