{"id":95523,"date":"2025-06-17T04:13:31","date_gmt":"2025-06-17T04:13:31","guid":{"rendered":"https:\/\/estado29.mx\/?p=95523"},"modified":"2025-06-17T04:13:31","modified_gmt":"2025-06-17T04:13:31","slug":"inaugura-rector-de-la-uatx-quinta-feria-profesiografica","status":"publish","type":"post","link":"https:\/\/estado29.mx\/?p=95523","title":{"rendered":"Inaugura Rector de la UATx Quinta feria profesiogr\u00e1fica."},"content":{"rendered":"<figure class=\"wp-block-post-featured-image\"><img loading=\"lazy\" decoding=\"async\" width=\"630\" height=\"440\" src=\"https:\/\/estado29.mx\/wp-content\/uploads\/2025\/05\/6827ab9f1dd632.jpg\" class=\"attachment-post-thumbnail size-post-thumbnail wp-post-image\" alt=\"\" style=\"object-fit:cover;\" srcset=\"https:\/\/estado29.mx\/wp-content\/uploads\/2025\/05\/6827ab9f1dd632.jpg 630w, https:\/\/estado29.mx\/wp-content\/uploads\/2025\/05\/6827ab9f1dd632-300x210.jpg 300w\" sizes=\"auto, (max-width: 630px) 100vw, 630px\" \/><\/figure>\n\n\n<p>El Doctor Seraf\u00edn Ortiz Ortiz, Rector de la Universidad Aut\u00f3noma de Tlaxcala (UATx), inauguro la \u201cQuinta feria profesiogr\u00e1fica\u201d dirigida a los aspirantes a ingresar a esta Casa de Estudios a cursar una de las 46 licenciaturas en el periodo oto\u00f1o 2025.<\/p>\n\n\n\n<p>El Doctor Ortiz exhort\u00f3 a elegir la carrera que m\u00e1s se apegue a sus intereses en sinton\u00eda con la filosof\u00eda de la Autorrealizaci\u00f3n para que puedan lograr sus metas y tener un excelente desempe\u00f1o en su trayectoria de vida.<\/p>\n\n\n\n<p>La organizaci\u00f3n de esta feria profesiogr\u00e1fica forma parte del proceso de admisi\u00f3n a la m\u00e1xima casa de estudios y esta a cargo de la Secretar\u00eda T\u00e9cnica encabezada por el Maestro Roberto Carlos Cruz Becerril; en colaboraci\u00f3n con las once facultades y los campi Calpulalpan, Teacalco y San Pablo del Monte.<\/p>\n\n\n\n<p>En su momento Ana Mar\u00eda Lopez Estrada dirigi\u00f3 unas palabras a nombre de los aspirantes, destacando el compromiso social y las facilidades que ofrece la UATx a quienes se interesan en cursar un programa de estudios de calidad.<\/p>\n","protected":false},"excerpt":{"rendered":"<p>El Doctor Seraf\u00edn Ortiz Ortiz, Rector de la Universidad Aut\u00f3noma de Tlaxcala (UATx), inauguro la \u201cQuinta feria profesiogr\u00e1fica\u201d dirigida a los aspirantes a ingresar a esta Casa de Estudios a cursar una de las 46 licenciaturas en el periodo oto\u00f1o 2025. El Doctor Ortiz exhort\u00f3 a elegir la carrera que m\u00e1s se apegue a sus [&hellip;]<\/p>\n","protected":false},"author":9,"featured_media":95524,"comment_status":"open","ping_status":"open","sticky":false,"template":"","format":"standard","meta":{"om_disable_all_campaigns":false,"_monsterinsights_skip_tracking":false,"_monsterinsights_sitenote_active":false,"_monsterinsights_sitenote_note":"","_monsterinsights_sitenote_category":0,"jnews-multi-image_gallery":[],"jnews_single_post":{"format":"standard"},"jnews_primary_category":[],"footnotes":""},"categories":[1],"tags":[],"class_list":["post-95523","post","type-post","status-publish","format-standard","has-post-thumbnail","hentry","category-uncategorized"],"aioseo_notices":[],"_links":{"self":[{"href":"https:\/\/estado29.mx\/index.php?rest_route=\/wp\/v2\/posts\/95523","targetHints":{"allow":["GET"]}}],"collection":[{"href":"https:\/\/estado29.mx\/index.php?rest_route=\/wp\/v2\/posts"}],"about":[{"href":"https:\/\/estado29.mx\/index.php?rest_route=\/wp\/v2\/types\/post"}],"author":[{"embeddable":true,"href":"https:\/\/estado29.mx\/index.php?rest_route=\/wp\/v2\/users\/9"}],"replies":[{"embeddable":true,"href":"https:\/\/estado29.mx\/index.php?rest_route=%2Fwp%2Fv2%2Fcomments&post=95523"}],"version-history":[{"count":1,"href":"https:\/\/estado29.mx\/index.php?rest_route=\/wp\/v2\/posts\/95523\/revisions"}],"predecessor-version":[{"id":95525,"href":"https:\/\/estado29.mx\/index.php?rest_route=\/wp\/v2\/posts\/95523\/revisions\/95525"}],"wp:featuredmedia":[{"embeddable":true,"href":"https:\/\/estado29.mx\/index.php?rest_route=\/wp\/v2\/media\/95524"}],"wp:attachment":[{"href":"https:\/\/estado29.mx\/index.php?rest_route=%2Fwp%2Fv2%2Fmedia&parent=95523"}],"wp:term":[{"taxonomy":"category","embeddable":true,"href":"https:\/\/estado29.mx\/index.php?rest_route=%2Fwp%2Fv2%2Fcategories&post=95523"},{"taxonomy":"post_tag","embeddable":true,"href":"https:\/\/estado29.mx\/index.php?rest_route=%2Fwp%2Fv2%2Ftags&post=95523"}],"curies":[{"name":"wp","href":"https:\/\/api.w.org\/{rel}","templated":true}]}}