{"id":95526,"date":"2025-06-17T04:13:31","date_gmt":"2025-06-17T04:13:31","guid":{"rendered":"https:\/\/estado29.mx\/?p=95526"},"modified":"2025-06-17T04:13:31","modified_gmt":"2025-06-17T04:13:31","slug":"quemas-agricolas-en-huamantla-se-sancionaran-conforme-a-la-ley-estatal-y-federal","status":"publish","type":"post","link":"https:\/\/estado29.mx\/?p=95526","title":{"rendered":"QUEMAS AGR\u00cdCOLAS EN HUAMANTLA SE SANCIONAR\u00c1N CONFORME A LA LEY ESTATAL Y FEDERAL"},"content":{"rendered":"<figure class=\"wp-block-post-featured-image\"><img loading=\"lazy\" decoding=\"async\" width=\"1011\" height=\"674\" src=\"https:\/\/estado29.mx\/wp-content\/uploads\/2025\/05\/WhatsApp-Image-2025-05-16-at-10.33.16-AM.jpeg\" class=\"attachment-post-thumbnail size-post-thumbnail wp-post-image\" alt=\"\" style=\"object-fit:cover;\" srcset=\"https:\/\/estado29.mx\/wp-content\/uploads\/2025\/05\/WhatsApp-Image-2025-05-16-at-10.33.16-AM.jpeg 1011w, https:\/\/estado29.mx\/wp-content\/uploads\/2025\/05\/WhatsApp-Image-2025-05-16-at-10.33.16-AM-300x200.jpeg 300w, https:\/\/estado29.mx\/wp-content\/uploads\/2025\/05\/WhatsApp-Image-2025-05-16-at-10.33.16-AM-768x512.jpeg 768w, https:\/\/estado29.mx\/wp-content\/uploads\/2025\/05\/WhatsApp-Image-2025-05-16-at-10.33.16-AM-750x500.jpeg 750w\" sizes=\"auto, (max-width: 1011px) 100vw, 1011px\" \/><\/figure>\n\n\n<p>Para esta temporada de estiaje, que concluye el 30 de junio, ha quedado estrictamente prohibido en el estado y en el municipio de Huamantla el uso del fuego en \u00e1reas forestales y agr\u00edcolas para la quema de residuos de cosecha, como parte de las acciones preventivas implementadas por los tres niveles de gobierno.<\/p>\n\n\n\n<p>De esta forma, el Gobierno Municipal de Huamantla se suma a esta medida impulsada por la Secretar\u00eda del Medio Ambiente del Estado y la instancia federal, as\u00ed como la Procuradur\u00eda Federal de Protecci\u00f3n al Ambiente (PROFEPA), la cual busca evitar nuevos da\u00f1os al ecosistema.<\/p>\n\n\n\n<p>Las autoridades municipales, estatales y federales refirieron que provocar un incendio forestal es un delito, cuyas sanciones van desde 2 hasta 10 a\u00f1os de prisi\u00f3n y multas de hasta 30,000 veces la UMA, seg\u00fan lo establece la Ley General de Desarrollo Forestal Sustentable y el C\u00f3digo Penal Federal.<\/p>\n\n\n\n<p>De esta manera, el Gobierno de Huamantla hace un llamado a la poblaci\u00f3n a colaborar activamente en la prevenci\u00f3n de incendios y evitar pr\u00e1cticas de riesgo como fogatas, quema de basura, o arrojar colillas de cigarro o botellas de vidrio en \u00e1reas naturales.<\/p>\n\n\n\n<p>Adem\u00e1s, se pide a la poblaci\u00f3n que, en caso de detectar fuego o humo en zonas forestales, se pueda reportar el hecho de inmediato al 911 o a las autoridades municipales.<\/p>\n","protected":false},"excerpt":{"rendered":"<p>Para esta temporada de estiaje, que concluye el 30 de junio, ha quedado estrictamente prohibido en el estado y en el municipio de Huamantla el uso del fuego en \u00e1reas forestales y agr\u00edcolas para la quema de residuos de cosecha, como parte de las acciones preventivas implementadas por los tres niveles de gobierno. De esta [&hellip;]<\/p>\n","protected":false},"author":9,"featured_media":95527,"comment_status":"open","ping_status":"open","sticky":false,"template":"","format":"standard","meta":{"om_disable_all_campaigns":false,"_monsterinsights_skip_tracking":false,"_monsterinsights_sitenote_active":false,"_monsterinsights_sitenote_note":"","_monsterinsights_sitenote_category":0,"jnews-multi-image_gallery":[],"jnews_single_post":{"format":"standard"},"jnews_primary_category":[],"footnotes":""},"categories":[1],"tags":[],"class_list":["post-95526","post","type-post","status-publish","format-standard","has-post-thumbnail","hentry","category-uncategorized"],"aioseo_notices":[],"_links":{"self":[{"href":"https:\/\/estado29.mx\/index.php?rest_route=\/wp\/v2\/posts\/95526","targetHints":{"allow":["GET"]}}],"collection":[{"href":"https:\/\/estado29.mx\/index.php?rest_route=\/wp\/v2\/posts"}],"about":[{"href":"https:\/\/estado29.mx\/index.php?rest_route=\/wp\/v2\/types\/post"}],"author":[{"embeddable":true,"href":"https:\/\/estado29.mx\/index.php?rest_route=\/wp\/v2\/users\/9"}],"replies":[{"embeddable":true,"href":"https:\/\/estado29.mx\/index.php?rest_route=%2Fwp%2Fv2%2Fcomments&post=95526"}],"version-history":[{"count":1,"href":"https:\/\/estado29.mx\/index.php?rest_route=\/wp\/v2\/posts\/95526\/revisions"}],"predecessor-version":[{"id":95528,"href":"https:\/\/estado29.mx\/index.php?rest_route=\/wp\/v2\/posts\/95526\/revisions\/95528"}],"wp:featuredmedia":[{"embeddable":true,"href":"https:\/\/estado29.mx\/index.php?rest_route=\/wp\/v2\/media\/95527"}],"wp:attachment":[{"href":"https:\/\/estado29.mx\/index.php?rest_route=%2Fwp%2Fv2%2Fmedia&parent=95526"}],"wp:term":[{"taxonomy":"category","embeddable":true,"href":"https:\/\/estado29.mx\/index.php?rest_route=%2Fwp%2Fv2%2Fcategories&post=95526"},{"taxonomy":"post_tag","embeddable":true,"href":"https:\/\/estado29.mx\/index.php?rest_route=%2Fwp%2Fv2%2Ftags&post=95526"}],"curies":[{"name":"wp","href":"https:\/\/api.w.org\/{rel}","templated":true}]}}