{"id":95535,"date":"2025-05-17T17:07:46","date_gmt":"2025-05-17T17:07:46","guid":{"rendered":"https:\/\/estado29.mx\/?p=95535"},"modified":"2025-06-13T17:18:12","modified_gmt":"2025-06-13T17:18:12","slug":"ataque-a-balazos-en-el-carmen-tequexquitla-cobra-la-vida-de-un-joven","status":"publish","type":"post","link":"https:\/\/estado29.mx\/?p=95535","title":{"rendered":"Ataque a balazos en El Carmen Tequexquitla cobra la vida de un joven"},"content":{"rendered":"\n<p>Un hombre de 22 a\u00f1os, identificado como Jonathan N., perdi\u00f3 la vida tras ser atacado a balazos. El homicidio se registr\u00f3 la noche del 16 de mayo de 2025 en el kil\u00f3metro 176 de la carretera federal M\u00e9xico-Veracruz, en el municipio de El Carmen Tequexquitla, a la altura del lago Totolcingo.<\/p>\n\n\n\n<p>Seg\u00fan los primeros reportes, sujetos armados a bordo de un veh\u00edculo, cuyas caracter\u00edsticas se desconocen hasta el momento, dispararon contra el joven obrero, quien cay\u00f3 al suelo, para luego huir de la escena.<\/p>\n\n\n\n<p>Inmediatamente, se llev\u00f3 a cabo una movilizaci\u00f3n por parte de elementos de la Polic\u00eda Estatal, Guardia Nacional Divisi\u00f3n Caminos y Protecci\u00f3n Civil del municipio, para auxiliar a la v\u00edctima. Despu\u00e9s de valorarla, confirmaron que la v\u00edctima ya no presentaba signos vitales.<\/p>\n\n\n\n<p>Personal de la Fiscal\u00eda General de Justicia del Estado (PGJE), a trav\u00e9s del Instituto de Ciencias Forenses, realiz\u00f3 las diligencias correspondientes.<\/p>\n\n\n\n<p>La zona permaneci\u00f3 acordonada mientras se llevaban a cabo las investigaciones, las cuales arrojaron preliminarmente que se trat\u00f3 de un ajuste de cuentas.<\/p>\n","protected":false},"excerpt":{"rendered":"<p>Un hombre de 22 a\u00f1os, identificado como Jonathan N., perdi\u00f3 la vida tras ser atacado a balazos. El homicidio se registr\u00f3 la noche del 16 de mayo de 2025 en el kil\u00f3metro 176 de la carretera federal M\u00e9xico-Veracruz, en el municipio de El Carmen Tequexquitla, a la altura del lago Totolcingo. Seg\u00fan los primeros reportes, [&hellip;]<\/p>\n","protected":false},"author":5,"featured_media":95536,"comment_status":"open","ping_status":"open","sticky":false,"template":"","format":"standard","meta":{"om_disable_all_campaigns":false,"_monsterinsights_skip_tracking":false,"_monsterinsights_sitenote_active":false,"_monsterinsights_sitenote_note":"","_monsterinsights_sitenote_category":0,"jnews-multi-image_gallery":[],"jnews_single_post":{"format":"standard"},"jnews_primary_category":[],"footnotes":""},"categories":[1],"tags":[],"class_list":["post-95535","post","type-post","status-publish","format-standard","has-post-thumbnail","hentry","category-uncategorized"],"aioseo_notices":[],"_links":{"self":[{"href":"https:\/\/estado29.mx\/index.php?rest_route=\/wp\/v2\/posts\/95535","targetHints":{"allow":["GET"]}}],"collection":[{"href":"https:\/\/estado29.mx\/index.php?rest_route=\/wp\/v2\/posts"}],"about":[{"href":"https:\/\/estado29.mx\/index.php?rest_route=\/wp\/v2\/types\/post"}],"author":[{"embeddable":true,"href":"https:\/\/estado29.mx\/index.php?rest_route=\/wp\/v2\/users\/5"}],"replies":[{"embeddable":true,"href":"https:\/\/estado29.mx\/index.php?rest_route=%2Fwp%2Fv2%2Fcomments&post=95535"}],"version-history":[{"count":1,"href":"https:\/\/estado29.mx\/index.php?rest_route=\/wp\/v2\/posts\/95535\/revisions"}],"predecessor-version":[{"id":95537,"href":"https:\/\/estado29.mx\/index.php?rest_route=\/wp\/v2\/posts\/95535\/revisions\/95537"}],"wp:featuredmedia":[{"embeddable":true,"href":"https:\/\/estado29.mx\/index.php?rest_route=\/wp\/v2\/media\/95536"}],"wp:attachment":[{"href":"https:\/\/estado29.mx\/index.php?rest_route=%2Fwp%2Fv2%2Fmedia&parent=95535"}],"wp:term":[{"taxonomy":"category","embeddable":true,"href":"https:\/\/estado29.mx\/index.php?rest_route=%2Fwp%2Fv2%2Fcategories&post=95535"},{"taxonomy":"post_tag","embeddable":true,"href":"https:\/\/estado29.mx\/index.php?rest_route=%2Fwp%2Fv2%2Ftags&post=95535"}],"curies":[{"name":"wp","href":"https:\/\/api.w.org\/{rel}","templated":true}]}}