{"id":95538,"date":"2025-05-17T21:49:55","date_gmt":"2025-05-17T21:49:55","guid":{"rendered":"https:\/\/estado29.mx\/?p=95538"},"modified":"2025-06-13T17:18:08","modified_gmt":"2025-06-13T17:18:08","slug":"gobierno-de-huamantla-y-comunidad-de-jose-maria-morelos-se-unen-a-tequios-por-la-paz-por-un-entorno-mas-limpio","status":"publish","type":"post","link":"https:\/\/estado29.mx\/?p=95538","title":{"rendered":"GOBIERNO DE HUAMANTLA Y COMUNIDAD DE JOS\u00c9 MAR\u00cdA MORELOS SE UNEN A \u201cTEQUIOS POR LA PAZ\u201d POR UN ENTORNO M\u00c1S LIMPIO"},"content":{"rendered":"<figure class=\"wp-block-post-featured-image\"><img loading=\"lazy\" decoding=\"async\" width=\"1280\" height=\"899\" src=\"https:\/\/estado29.mx\/wp-content\/uploads\/2025\/05\/WhatsApp-Image-2025-05-16-at-5.43.46-PM.jpeg\" class=\"attachment-post-thumbnail size-post-thumbnail wp-post-image\" alt=\"\" style=\"object-fit:cover;\" srcset=\"https:\/\/estado29.mx\/wp-content\/uploads\/2025\/05\/WhatsApp-Image-2025-05-16-at-5.43.46-PM.jpeg 1280w, https:\/\/estado29.mx\/wp-content\/uploads\/2025\/05\/WhatsApp-Image-2025-05-16-at-5.43.46-PM-300x211.jpeg 300w, https:\/\/estado29.mx\/wp-content\/uploads\/2025\/05\/WhatsApp-Image-2025-05-16-at-5.43.46-PM-1024x719.jpeg 1024w, https:\/\/estado29.mx\/wp-content\/uploads\/2025\/05\/WhatsApp-Image-2025-05-16-at-5.43.46-PM-768x539.jpeg 768w, https:\/\/estado29.mx\/wp-content\/uploads\/2025\/05\/WhatsApp-Image-2025-05-16-at-5.43.46-PM-750x527.jpeg 750w, https:\/\/estado29.mx\/wp-content\/uploads\/2025\/05\/WhatsApp-Image-2025-05-16-at-5.43.46-PM-1140x801.jpeg 1140w\" sizes=\"auto, (max-width: 1280px) 100vw, 1280px\" \/><\/figure>\n\n\n<p>En un esfuerzo conjunto por fomentar la participaci\u00f3n ciudadana, mejorar la limpieza de las \u00e1reas comunes y fortalecer el tejido social, el Gobierno Municipal de Huamantla se sum\u00f3 activamente a la Jornada Nacional de Limpieza &#8220;Tequios por la Paz&#8221; en la comunidad de Jos\u00e9 Mar\u00eda Morelos.<\/p>\n\n\n\n<p>Esta iniciativa, coordinada por el Instituto Tlaxcalteca de la Juventud, el Instituto Nacional de la Juventud y el Ayuntamiento de Huamantla, busca fortalecer el sentido de pertenencia entre los habitantes, al promover acciones colectivas que dignifican los espacios p\u00fablicos y regeneran el tejido social.<\/p>\n\n\n\n<p>Con un ambiente de colaboraci\u00f3n, los habitantes de Jos\u00e9 Mar\u00eda Morelos participaron con entusiasmo en las labores de limpieza y con escobas, palas y muchas ganas, ni\u00f1os, j\u00f3venes y adultos se unieron en esta jornada para mejorar su entorno y lograr espacios m\u00e1s dignos que puedan ser disfrutados en familia.<\/p>\n\n\n\n<p>\u201cEl tequio no solo es trabajo comunitario, es un acto de amor por nuestra tierra y un compromiso con el bienestar de todos\u201d, destac\u00f3 la Directora de Bienestar, Montserrat Vargas Far\u00edas, a nombre del Presidente Municipal, Salvador Santos Cedillo.<\/p>\n\n\n\n<p>Finalmente, el Coordinador de Juventud, Paynton Brandon Mart\u00ednez, destac\u00f3 el inter\u00e9s de los j\u00f3venes de la comunidad de Jos\u00e9 Mar\u00eda Morelos por participar en esta jornada, la cual cumpli\u00f3 con uno de los objetivos m\u00e1s importantes de Tequios por la Paz, que es fomentar la participaci\u00f3n comunitaria.<\/p>\n","protected":false},"excerpt":{"rendered":"<p>En un esfuerzo conjunto por fomentar la participaci\u00f3n ciudadana, mejorar la limpieza de las \u00e1reas comunes y fortalecer el tejido social, el Gobierno Municipal de Huamantla se sum\u00f3 activamente a la Jornada Nacional de Limpieza &#8220;Tequios por la Paz&#8221; en la comunidad de Jos\u00e9 Mar\u00eda Morelos. Esta iniciativa, coordinada por el Instituto Tlaxcalteca de la [&hellip;]<\/p>\n","protected":false},"author":9,"featured_media":95539,"comment_status":"open","ping_status":"open","sticky":false,"template":"","format":"standard","meta":{"om_disable_all_campaigns":false,"_monsterinsights_skip_tracking":false,"_monsterinsights_sitenote_active":false,"_monsterinsights_sitenote_note":"","_monsterinsights_sitenote_category":0,"jnews-multi-image_gallery":[],"jnews_single_post":{"format":"standard"},"jnews_primary_category":[],"footnotes":""},"categories":[1],"tags":[],"class_list":["post-95538","post","type-post","status-publish","format-standard","has-post-thumbnail","hentry","category-uncategorized"],"aioseo_notices":[],"_links":{"self":[{"href":"https:\/\/estado29.mx\/index.php?rest_route=\/wp\/v2\/posts\/95538","targetHints":{"allow":["GET"]}}],"collection":[{"href":"https:\/\/estado29.mx\/index.php?rest_route=\/wp\/v2\/posts"}],"about":[{"href":"https:\/\/estado29.mx\/index.php?rest_route=\/wp\/v2\/types\/post"}],"author":[{"embeddable":true,"href":"https:\/\/estado29.mx\/index.php?rest_route=\/wp\/v2\/users\/9"}],"replies":[{"embeddable":true,"href":"https:\/\/estado29.mx\/index.php?rest_route=%2Fwp%2Fv2%2Fcomments&post=95538"}],"version-history":[{"count":1,"href":"https:\/\/estado29.mx\/index.php?rest_route=\/wp\/v2\/posts\/95538\/revisions"}],"predecessor-version":[{"id":95540,"href":"https:\/\/estado29.mx\/index.php?rest_route=\/wp\/v2\/posts\/95538\/revisions\/95540"}],"wp:featuredmedia":[{"embeddable":true,"href":"https:\/\/estado29.mx\/index.php?rest_route=\/wp\/v2\/media\/95539"}],"wp:attachment":[{"href":"https:\/\/estado29.mx\/index.php?rest_route=%2Fwp%2Fv2%2Fmedia&parent=95538"}],"wp:term":[{"taxonomy":"category","embeddable":true,"href":"https:\/\/estado29.mx\/index.php?rest_route=%2Fwp%2Fv2%2Fcategories&post=95538"},{"taxonomy":"post_tag","embeddable":true,"href":"https:\/\/estado29.mx\/index.php?rest_route=%2Fwp%2Fv2%2Ftags&post=95538"}],"curies":[{"name":"wp","href":"https:\/\/api.w.org\/{rel}","templated":true}]}}