{"id":95541,"date":"2025-05-17T22:00:28","date_gmt":"2025-05-17T22:00:28","guid":{"rendered":"https:\/\/estado29.mx\/?p=95541"},"modified":"2025-06-13T17:18:04","modified_gmt":"2025-06-13T17:18:04","slug":"invita-gobierno-de-huamantla-a-conferencia-que-aborda-la-importancia-de-detectar-a-tiempo-cancer-en-ninas-y-ninos","status":"publish","type":"post","link":"https:\/\/estado29.mx\/?p=95541","title":{"rendered":"INVITA GOBIERNO DE HUAMANTLA A CONFERENCIA QUE ABORDA LA IMPORTANCIA DE DETECTAR A TIEMPO C\u00c1NCER EN NI\u00d1AS Y NI\u00d1OS"},"content":{"rendered":"<figure class=\"wp-block-post-featured-image\"><img loading=\"lazy\" decoding=\"async\" width=\"1080\" height=\"1350\" src=\"https:\/\/estado29.mx\/wp-content\/uploads\/2025\/05\/WhatsApp-Image-2025-05-16-at-6.13.32-PM.jpeg\" class=\"attachment-post-thumbnail size-post-thumbnail wp-post-image\" alt=\"\" style=\"object-fit:cover;\" srcset=\"https:\/\/estado29.mx\/wp-content\/uploads\/2025\/05\/WhatsApp-Image-2025-05-16-at-6.13.32-PM.jpeg 1080w, https:\/\/estado29.mx\/wp-content\/uploads\/2025\/05\/WhatsApp-Image-2025-05-16-at-6.13.32-PM-240x300.jpeg 240w, https:\/\/estado29.mx\/wp-content\/uploads\/2025\/05\/WhatsApp-Image-2025-05-16-at-6.13.32-PM-819x1024.jpeg 819w, https:\/\/estado29.mx\/wp-content\/uploads\/2025\/05\/WhatsApp-Image-2025-05-16-at-6.13.32-PM-768x960.jpeg 768w, https:\/\/estado29.mx\/wp-content\/uploads\/2025\/05\/WhatsApp-Image-2025-05-16-at-6.13.32-PM-750x938.jpeg 750w\" sizes=\"auto, (max-width: 1080px) 100vw, 1080px\" \/><\/figure>\n\n\n<p>Este evento tendr\u00e1 lugar el pr\u00f3ximo lunes 19 de mayo, a las 10:00 horas en la Ex Cancha 13<\/p>\n\n\n\n<p>El Gobierno Municipal de Huamantla, que encabeza Salvador Santos Cedillo, a trav\u00e9s del Sistema Municipal para el Desarrollo Integral de la Familia (SMDIF),<br>invita a la ciudadan\u00eda a asistir a la conferencia \u201cDetecta oportunamente y cambia la historia\u201d, donde se abordar\u00e1 la importancia de la detecci\u00f3n temprana del c\u00e1ncer en ni\u00f1as y ni\u00f1os.<\/p>\n\n\n\n<p>La ponencia estar\u00e1 a cargo de Haydee Noya, fundadora de la organizaci\u00f3n Corazonadas de Amor contra la Leucemia, quien compartir\u00e1 su experiencia, conocimiento y valioso testimonio sobre c\u00f3mo un diagn\u00f3stico a tiempo puede marcar una diferencia en la vida de una familia.<\/p>\n\n\n\n<p>La Presidenta Honor\u00edfica del SMDIF, Mar\u00eda del Roc\u00edo Hern\u00e1ndez Castillo, inform\u00f3 que esta conferencia ser\u00e1 totalmente gratuita y tendr\u00e1 lugar el pr\u00f3ximo lunes 19 de mayo, a las 10:00 horas en la Ex Cancha 13.<\/p>\n\n\n\n<p>\u201cActuar a tiempo es un acto de amor\u201d, destac\u00f3 la Presidenta Honor\u00edfica del SMDIF, tras invitar a padres, madres, docentes y comunidad en general a participar en esta actividad.<\/p>\n","protected":false},"excerpt":{"rendered":"<p>Este evento tendr\u00e1 lugar el pr\u00f3ximo lunes 19 de mayo, a las 10:00 horas en la Ex Cancha 13 El Gobierno Municipal de Huamantla, que encabeza Salvador Santos Cedillo, a trav\u00e9s del Sistema Municipal para el Desarrollo Integral de la Familia (SMDIF),invita a la ciudadan\u00eda a asistir a la conferencia \u201cDetecta oportunamente y cambia la [&hellip;]<\/p>\n","protected":false},"author":9,"featured_media":95542,"comment_status":"open","ping_status":"open","sticky":false,"template":"","format":"standard","meta":{"om_disable_all_campaigns":false,"_monsterinsights_skip_tracking":false,"_monsterinsights_sitenote_active":false,"_monsterinsights_sitenote_note":"","_monsterinsights_sitenote_category":0,"jnews-multi-image_gallery":[],"jnews_single_post":{"format":"standard"},"jnews_primary_category":[],"footnotes":""},"categories":[1],"tags":[],"class_list":["post-95541","post","type-post","status-publish","format-standard","has-post-thumbnail","hentry","category-uncategorized"],"aioseo_notices":[],"_links":{"self":[{"href":"https:\/\/estado29.mx\/index.php?rest_route=\/wp\/v2\/posts\/95541","targetHints":{"allow":["GET"]}}],"collection":[{"href":"https:\/\/estado29.mx\/index.php?rest_route=\/wp\/v2\/posts"}],"about":[{"href":"https:\/\/estado29.mx\/index.php?rest_route=\/wp\/v2\/types\/post"}],"author":[{"embeddable":true,"href":"https:\/\/estado29.mx\/index.php?rest_route=\/wp\/v2\/users\/9"}],"replies":[{"embeddable":true,"href":"https:\/\/estado29.mx\/index.php?rest_route=%2Fwp%2Fv2%2Fcomments&post=95541"}],"version-history":[{"count":1,"href":"https:\/\/estado29.mx\/index.php?rest_route=\/wp\/v2\/posts\/95541\/revisions"}],"predecessor-version":[{"id":95543,"href":"https:\/\/estado29.mx\/index.php?rest_route=\/wp\/v2\/posts\/95541\/revisions\/95543"}],"wp:featuredmedia":[{"embeddable":true,"href":"https:\/\/estado29.mx\/index.php?rest_route=\/wp\/v2\/media\/95542"}],"wp:attachment":[{"href":"https:\/\/estado29.mx\/index.php?rest_route=%2Fwp%2Fv2%2Fmedia&parent=95541"}],"wp:term":[{"taxonomy":"category","embeddable":true,"href":"https:\/\/estado29.mx\/index.php?rest_route=%2Fwp%2Fv2%2Fcategories&post=95541"},{"taxonomy":"post_tag","embeddable":true,"href":"https:\/\/estado29.mx\/index.php?rest_route=%2Fwp%2Fv2%2Ftags&post=95541"}],"curies":[{"name":"wp","href":"https:\/\/api.w.org\/{rel}","templated":true}]}}