{"id":95611,"date":"2025-05-19T21:25:13","date_gmt":"2025-05-19T21:25:13","guid":{"rendered":"https:\/\/estado29.mx\/?p=95611"},"modified":"2025-06-13T17:46:04","modified_gmt":"2025-06-13T17:46:04","slug":"policia-municipal-de-tlaxcala-detiene-a-sujeto-por-intento-de-robo-en-tizatlan","status":"publish","type":"post","link":"https:\/\/estado29.mx\/?p=95611","title":{"rendered":"Polic\u00eda Municipal de Tlaxcala detiene a sujeto por intento de robo en Tizatl\u00e1n"},"content":{"rendered":"<figure class=\"wp-block-post-featured-image\"><img loading=\"lazy\" decoding=\"async\" width=\"1280\" height=\"1280\" src=\"https:\/\/estado29.mx\/wp-content\/uploads\/2025\/05\/WhatsApp-Image-2025-05-19-at-2.49.17-PM-4.jpeg\" class=\"attachment-post-thumbnail size-post-thumbnail wp-post-image\" alt=\"\" style=\"object-fit:cover;\" srcset=\"https:\/\/estado29.mx\/wp-content\/uploads\/2025\/05\/WhatsApp-Image-2025-05-19-at-2.49.17-PM-4.jpeg 1280w, https:\/\/estado29.mx\/wp-content\/uploads\/2025\/05\/WhatsApp-Image-2025-05-19-at-2.49.17-PM-4-300x300.jpeg 300w, https:\/\/estado29.mx\/wp-content\/uploads\/2025\/05\/WhatsApp-Image-2025-05-19-at-2.49.17-PM-4-1024x1024.jpeg 1024w, https:\/\/estado29.mx\/wp-content\/uploads\/2025\/05\/WhatsApp-Image-2025-05-19-at-2.49.17-PM-4-150x150.jpeg 150w, https:\/\/estado29.mx\/wp-content\/uploads\/2025\/05\/WhatsApp-Image-2025-05-19-at-2.49.17-PM-4-768x768.jpeg 768w, https:\/\/estado29.mx\/wp-content\/uploads\/2025\/05\/WhatsApp-Image-2025-05-19-at-2.49.17-PM-4-75x75.jpeg 75w, https:\/\/estado29.mx\/wp-content\/uploads\/2025\/05\/WhatsApp-Image-2025-05-19-at-2.49.17-PM-4-350x350.jpeg 350w, https:\/\/estado29.mx\/wp-content\/uploads\/2025\/05\/WhatsApp-Image-2025-05-19-at-2.49.17-PM-4-750x750.jpeg 750w, https:\/\/estado29.mx\/wp-content\/uploads\/2025\/05\/WhatsApp-Image-2025-05-19-at-2.49.17-PM-4-1140x1140.jpeg 1140w\" sizes=\"auto, (max-width: 1280px) 100vw, 1280px\" \/><\/figure>\n\n\n<p>La Direcci\u00f3n de Seguridad Ciudadana y Movilidad del Municipio de Tlaxcala, a trav\u00e9s de elementos de la Polic\u00eda Preventiva, informa que este domingo se logr\u00f3 la detenci\u00f3n de un hombre en flagrancia por intento de robo en la privada 12 de mayo, en la comunidad de San Esteban Tizatl\u00e1n.<\/p>\n\n\n\n<p>Gracias a la oportuna intervenci\u00f3n de los agentes preventivos, se asegur\u00f3 al presunto responsable, identificado como Jos\u00e9 Al\u00ed N., de 39 a\u00f1os de edad, originario del municipio de Santa Ana Chiautempan, quien responde al alias de &#8220;El Balu&#8221;.<\/p>\n\n\n\n<figure class=\"wp-block-gallery has-nested-images columns-default is-cropped wp-block-gallery-1 is-layout-flex wp-block-gallery-is-layout-flex\">\n<figure class=\"wp-block-image size-large\"><img loading=\"lazy\" decoding=\"async\" width=\"1024\" height=\"1024\" data-id=\"95613\" src=\"https:\/\/estado29.mx\/wp-content\/uploads\/2025\/05\/WhatsApp-Image-2025-05-19-at-2.49.17-PM-3-1024x1024.jpeg\" alt=\"\" class=\"wp-image-95613\" srcset=\"https:\/\/estado29.mx\/wp-content\/uploads\/2025\/05\/WhatsApp-Image-2025-05-19-at-2.49.17-PM-3-1024x1024.jpeg 1024w, https:\/\/estado29.mx\/wp-content\/uploads\/2025\/05\/WhatsApp-Image-2025-05-19-at-2.49.17-PM-3-300x300.jpeg 300w, https:\/\/estado29.mx\/wp-content\/uploads\/2025\/05\/WhatsApp-Image-2025-05-19-at-2.49.17-PM-3-150x150.jpeg 150w, https:\/\/estado29.mx\/wp-content\/uploads\/2025\/05\/WhatsApp-Image-2025-05-19-at-2.49.17-PM-3-768x768.jpeg 768w, https:\/\/estado29.mx\/wp-content\/uploads\/2025\/05\/WhatsApp-Image-2025-05-19-at-2.49.17-PM-3-75x75.jpeg 75w, https:\/\/estado29.mx\/wp-content\/uploads\/2025\/05\/WhatsApp-Image-2025-05-19-at-2.49.17-PM-3-350x350.jpeg 350w, https:\/\/estado29.mx\/wp-content\/uploads\/2025\/05\/WhatsApp-Image-2025-05-19-at-2.49.17-PM-3-750x750.jpeg 750w, https:\/\/estado29.mx\/wp-content\/uploads\/2025\/05\/WhatsApp-Image-2025-05-19-at-2.49.17-PM-3-1140x1140.jpeg 1140w, https:\/\/estado29.mx\/wp-content\/uploads\/2025\/05\/WhatsApp-Image-2025-05-19-at-2.49.17-PM-3.jpeg 1280w\" sizes=\"auto, (max-width: 1024px) 100vw, 1024px\" \/><\/figure>\n\n\n\n<figure class=\"wp-block-image size-large\"><img loading=\"lazy\" decoding=\"async\" width=\"1024\" height=\"1024\" data-id=\"95614\" src=\"https:\/\/estado29.mx\/wp-content\/uploads\/2025\/05\/WhatsApp-Image-2025-05-19-at-2.49.17-PM-2-1024x1024.jpeg\" alt=\"\" class=\"wp-image-95614\" srcset=\"https:\/\/estado29.mx\/wp-content\/uploads\/2025\/05\/WhatsApp-Image-2025-05-19-at-2.49.17-PM-2-1024x1024.jpeg 1024w, https:\/\/estado29.mx\/wp-content\/uploads\/2025\/05\/WhatsApp-Image-2025-05-19-at-2.49.17-PM-2-300x300.jpeg 300w, https:\/\/estado29.mx\/wp-content\/uploads\/2025\/05\/WhatsApp-Image-2025-05-19-at-2.49.17-PM-2-150x150.jpeg 150w, https:\/\/estado29.mx\/wp-content\/uploads\/2025\/05\/WhatsApp-Image-2025-05-19-at-2.49.17-PM-2-768x768.jpeg 768w, https:\/\/estado29.mx\/wp-content\/uploads\/2025\/05\/WhatsApp-Image-2025-05-19-at-2.49.17-PM-2-75x75.jpeg 75w, https:\/\/estado29.mx\/wp-content\/uploads\/2025\/05\/WhatsApp-Image-2025-05-19-at-2.49.17-PM-2-350x350.jpeg 350w, https:\/\/estado29.mx\/wp-content\/uploads\/2025\/05\/WhatsApp-Image-2025-05-19-at-2.49.17-PM-2-750x750.jpeg 750w, https:\/\/estado29.mx\/wp-content\/uploads\/2025\/05\/WhatsApp-Image-2025-05-19-at-2.49.17-PM-2-1140x1140.jpeg 1140w, https:\/\/estado29.mx\/wp-content\/uploads\/2025\/05\/WhatsApp-Image-2025-05-19-at-2.49.17-PM-2.jpeg 1280w\" sizes=\"auto, (max-width: 1024px) 100vw, 1024px\" \/><\/figure>\n<\/figure>\n\n\n\n<p>La detenci\u00f3n se efectu\u00f3 tras recibir un reporte ciudadano que alertaba sobre un posible robo en proceso. Los elementos acudieron de inmediato al lugar, logrando la captura del sujeto, quien fue trasladado y puesto a disposici\u00f3n del Ministerio P\u00fablico para fincar responsabilidades conforme a la ley.<\/p>\n\n\n\n<p>El Gobierno Municipal de Tlaxcala exhorta a la poblaci\u00f3n a continuar denunciando cualquier actividad sospechosa o delictiva para fortalecer la prevenci\u00f3n del delito en todas las comunidades del municipio, a trav\u00e9s de los n\u00fameros de emergencia.<\/p>\n","protected":false},"excerpt":{"rendered":"<p>La Direcci\u00f3n de Seguridad Ciudadana y Movilidad del Municipio de Tlaxcala, a trav\u00e9s de elementos de la Polic\u00eda Preventiva, informa que este domingo se logr\u00f3 la detenci\u00f3n de un hombre en flagrancia por intento de robo en la privada 12 de mayo, en la comunidad de San Esteban Tizatl\u00e1n. Gracias a la oportuna intervenci\u00f3n de [&hellip;]<\/p>\n","protected":false},"author":4,"featured_media":95612,"comment_status":"open","ping_status":"open","sticky":false,"template":"","format":"standard","meta":{"om_disable_all_campaigns":false,"_monsterinsights_skip_tracking":false,"_monsterinsights_sitenote_active":false,"_monsterinsights_sitenote_note":"","_monsterinsights_sitenote_category":0,"jnews-multi-image_gallery":[],"jnews_single_post":{"format":"standard"},"jnews_primary_category":[],"footnotes":""},"categories":[1],"tags":[],"class_list":["post-95611","post","type-post","status-publish","format-standard","has-post-thumbnail","hentry","category-uncategorized"],"aioseo_notices":[],"_links":{"self":[{"href":"https:\/\/estado29.mx\/index.php?rest_route=\/wp\/v2\/posts\/95611","targetHints":{"allow":["GET"]}}],"collection":[{"href":"https:\/\/estado29.mx\/index.php?rest_route=\/wp\/v2\/posts"}],"about":[{"href":"https:\/\/estado29.mx\/index.php?rest_route=\/wp\/v2\/types\/post"}],"author":[{"embeddable":true,"href":"https:\/\/estado29.mx\/index.php?rest_route=\/wp\/v2\/users\/4"}],"replies":[{"embeddable":true,"href":"https:\/\/estado29.mx\/index.php?rest_route=%2Fwp%2Fv2%2Fcomments&post=95611"}],"version-history":[{"count":1,"href":"https:\/\/estado29.mx\/index.php?rest_route=\/wp\/v2\/posts\/95611\/revisions"}],"predecessor-version":[{"id":95615,"href":"https:\/\/estado29.mx\/index.php?rest_route=\/wp\/v2\/posts\/95611\/revisions\/95615"}],"wp:featuredmedia":[{"embeddable":true,"href":"https:\/\/estado29.mx\/index.php?rest_route=\/wp\/v2\/media\/95612"}],"wp:attachment":[{"href":"https:\/\/estado29.mx\/index.php?rest_route=%2Fwp%2Fv2%2Fmedia&parent=95611"}],"wp:term":[{"taxonomy":"category","embeddable":true,"href":"https:\/\/estado29.mx\/index.php?rest_route=%2Fwp%2Fv2%2Fcategories&post=95611"},{"taxonomy":"post_tag","embeddable":true,"href":"https:\/\/estado29.mx\/index.php?rest_route=%2Fwp%2Fv2%2Ftags&post=95611"}],"curies":[{"name":"wp","href":"https:\/\/api.w.org\/{rel}","templated":true}]}}