{"id":95636,"date":"2025-05-20T17:47:49","date_gmt":"2025-05-20T17:47:49","guid":{"rendered":"https:\/\/estado29.mx\/?p=95636"},"modified":"2025-06-13T17:53:59","modified_gmt":"2025-06-13T17:53:59","slug":"entrega-dif-tlaxcala-cunas-y-despensas-a-madres-vulnerables-como-parte-del-programa-sueno-seguro","status":"publish","type":"post","link":"https:\/\/estado29.mx\/?p=95636","title":{"rendered":"Entrega DIF Tlaxcala cunas y despensas a madres vulnerables como parte del programa \u201cSue\u00f1o Seguro\u201d"},"content":{"rendered":"<figure class=\"wp-block-post-featured-image\"><img loading=\"lazy\" decoding=\"async\" width=\"1600\" height=\"1200\" src=\"https:\/\/estado29.mx\/wp-content\/uploads\/2025\/05\/IMG-20250520-WA0029.jpg\" class=\"attachment-post-thumbnail size-post-thumbnail wp-post-image\" alt=\"\" style=\"object-fit:cover;\" srcset=\"https:\/\/estado29.mx\/wp-content\/uploads\/2025\/05\/IMG-20250520-WA0029.jpg 1600w, https:\/\/estado29.mx\/wp-content\/uploads\/2025\/05\/IMG-20250520-WA0029-300x225.jpg 300w, https:\/\/estado29.mx\/wp-content\/uploads\/2025\/05\/IMG-20250520-WA0029-1024x768.jpg 1024w, https:\/\/estado29.mx\/wp-content\/uploads\/2025\/05\/IMG-20250520-WA0029-768x576.jpg 768w, https:\/\/estado29.mx\/wp-content\/uploads\/2025\/05\/IMG-20250520-WA0029-1536x1152.jpg 1536w, https:\/\/estado29.mx\/wp-content\/uploads\/2025\/05\/IMG-20250520-WA0029-750x563.jpg 750w, https:\/\/estado29.mx\/wp-content\/uploads\/2025\/05\/IMG-20250520-WA0029-1140x855.jpg 1140w\" sizes=\"auto, (max-width: 1600px) 100vw, 1600px\" \/><\/figure>\n\n\n<p>Se entregaron 22 cunas para beb\u00e9s de hasta seis meses de edad, gestionadas ante el Sistema Estatal DIF, y 59 despensas adquiridas con recursos propios del Ayuntamiento, para familias en situaci\u00f3n vulnerable_Como parte de los programas de asistencia social impulsados por el Sistema Municipal DIF (SMDIF), se llev\u00f3 a cabo una nueva entrega del programa \u201cSue\u00f1o Seguro\u201d, mediante el cual se otorgaron cunas y despensas a madres solteras o en situaci\u00f3n de vulnerabilidad, reafirmando el compromiso de la administraci\u00f3n del presidente Alfonso S\u00e1nchez con el bienestar de las familias del municipio.<\/p>\n\n\n\n<figure class=\"wp-block-gallery has-nested-images columns-default is-cropped wp-block-gallery-1 is-layout-flex wp-block-gallery-is-layout-flex\">\n<figure class=\"wp-block-image size-large\"><img loading=\"lazy\" decoding=\"async\" width=\"1024\" height=\"768\" data-id=\"95638\" src=\"https:\/\/estado29.mx\/wp-content\/uploads\/2025\/05\/1000376669-1024x768.jpg\" alt=\"\" class=\"wp-image-95638\" srcset=\"https:\/\/estado29.mx\/wp-content\/uploads\/2025\/05\/1000376669-1024x768.jpg 1024w, https:\/\/estado29.mx\/wp-content\/uploads\/2025\/05\/1000376669-300x225.jpg 300w, https:\/\/estado29.mx\/wp-content\/uploads\/2025\/05\/1000376669-768x576.jpg 768w, https:\/\/estado29.mx\/wp-content\/uploads\/2025\/05\/1000376669-1536x1152.jpg 1536w, https:\/\/estado29.mx\/wp-content\/uploads\/2025\/05\/1000376669-750x563.jpg 750w, https:\/\/estado29.mx\/wp-content\/uploads\/2025\/05\/1000376669-1140x855.jpg 1140w, https:\/\/estado29.mx\/wp-content\/uploads\/2025\/05\/1000376669.jpg 1600w\" sizes=\"auto, (max-width: 1024px) 100vw, 1024px\" \/><\/figure>\n\n\n\n<figure class=\"wp-block-image size-large\"><img loading=\"lazy\" decoding=\"async\" width=\"1024\" height=\"768\" data-id=\"95639\" src=\"https:\/\/estado29.mx\/wp-content\/uploads\/2025\/05\/1000376668-1024x768.jpg\" alt=\"\" class=\"wp-image-95639\" srcset=\"https:\/\/estado29.mx\/wp-content\/uploads\/2025\/05\/1000376668-1024x768.jpg 1024w, https:\/\/estado29.mx\/wp-content\/uploads\/2025\/05\/1000376668-300x225.jpg 300w, https:\/\/estado29.mx\/wp-content\/uploads\/2025\/05\/1000376668-768x576.jpg 768w, https:\/\/estado29.mx\/wp-content\/uploads\/2025\/05\/1000376668-1536x1152.jpg 1536w, https:\/\/estado29.mx\/wp-content\/uploads\/2025\/05\/1000376668-750x563.jpg 750w, https:\/\/estado29.mx\/wp-content\/uploads\/2025\/05\/1000376668-1140x855.jpg 1140w, https:\/\/estado29.mx\/wp-content\/uploads\/2025\/05\/1000376668.jpg 1600w\" sizes=\"auto, (max-width: 1024px) 100vw, 1024px\" \/><\/figure>\n<\/figure>\n\n\n\n<p>Durante un evento realizado en la sala de usos m\u00faltiples del SMDIF, la directora del organismo, M\u00f3nica Jim\u00e9nez Ram\u00edrez, destac\u00f3 que estas acciones forman parte de la visi\u00f3n del alcalde Alfonso S\u00e1nchez Garc\u00eda, quien ha instruido fortalecer los programas que protegen a los sectores m\u00e1s vulnerables, especialmente madres gestantes y reci\u00e9n nacidos.<\/p>\n\n\n\n<p>\u201cEn esta administraci\u00f3n priorizamos mejorar las condiciones de vida de quienes m\u00e1s lo necesitan. Por ello, mantenemos y ampliamos programas como \u2018Sue\u00f1o Seguro\u2019, que brindan apoyo desde los primeros d\u00edas de vida\u201d, afirm\u00f3 Jim\u00e9nez Ram\u00edrez.<\/p>\n\n\n\n<p>En esta edici\u00f3n del programa, se entregaron 22 cunas para beb\u00e9s de hasta seis meses de edad, gestionadas ante el Sistema Estatal DIF, as\u00ed como 59 despensas adquiridas con recursos propios del Ayuntamiento, lo que permitir\u00e1 mejorar la nutrici\u00f3n y seguridad de las familias beneficiarias.<\/p>\n\n\n\n<p>Estas acciones forman parte del Plan Municipal de Desarrollo 2024\u20132027, espec\u00edficamente en el eje de Bienestar Social, orientado a reducir la desigualdad y garantizar el acceso equitativo a los recursos b\u00e1sicos.El evento tambi\u00e9n cont\u00f3 con la asistencia de la subdirectora del SMDIF, Karina Yazm\u00edn Medel Madrid; as\u00ed como el equipo operativo conformado por Miriam Galindo Hern\u00e1ndez y C\u00e9sar Alberto Flores Tello, quienes apoyaron en la log\u00edstica y atenci\u00f3n a las familias beneficiarias.<\/p>\n","protected":false},"excerpt":{"rendered":"<p>Se entregaron 22 cunas para beb\u00e9s de hasta seis meses de edad, gestionadas ante el Sistema Estatal DIF, y 59 despensas adquiridas con recursos propios del Ayuntamiento, para familias en situaci\u00f3n vulnerable_Como parte de los programas de asistencia social impulsados por el Sistema Municipal DIF (SMDIF), se llev\u00f3 a cabo una nueva entrega del programa [&hellip;]<\/p>\n","protected":false},"author":4,"featured_media":95637,"comment_status":"open","ping_status":"open","sticky":false,"template":"","format":"standard","meta":{"om_disable_all_campaigns":false,"_monsterinsights_skip_tracking":false,"_monsterinsights_sitenote_active":false,"_monsterinsights_sitenote_note":"","_monsterinsights_sitenote_category":0,"jnews-multi-image_gallery":[],"jnews_single_post":{"format":"standard"},"jnews_primary_category":[],"footnotes":""},"categories":[1],"tags":[],"class_list":["post-95636","post","type-post","status-publish","format-standard","has-post-thumbnail","hentry","category-uncategorized"],"aioseo_notices":[],"_links":{"self":[{"href":"https:\/\/estado29.mx\/index.php?rest_route=\/wp\/v2\/posts\/95636","targetHints":{"allow":["GET"]}}],"collection":[{"href":"https:\/\/estado29.mx\/index.php?rest_route=\/wp\/v2\/posts"}],"about":[{"href":"https:\/\/estado29.mx\/index.php?rest_route=\/wp\/v2\/types\/post"}],"author":[{"embeddable":true,"href":"https:\/\/estado29.mx\/index.php?rest_route=\/wp\/v2\/users\/4"}],"replies":[{"embeddable":true,"href":"https:\/\/estado29.mx\/index.php?rest_route=%2Fwp%2Fv2%2Fcomments&post=95636"}],"version-history":[{"count":1,"href":"https:\/\/estado29.mx\/index.php?rest_route=\/wp\/v2\/posts\/95636\/revisions"}],"predecessor-version":[{"id":95640,"href":"https:\/\/estado29.mx\/index.php?rest_route=\/wp\/v2\/posts\/95636\/revisions\/95640"}],"wp:featuredmedia":[{"embeddable":true,"href":"https:\/\/estado29.mx\/index.php?rest_route=\/wp\/v2\/media\/95637"}],"wp:attachment":[{"href":"https:\/\/estado29.mx\/index.php?rest_route=%2Fwp%2Fv2%2Fmedia&parent=95636"}],"wp:term":[{"taxonomy":"category","embeddable":true,"href":"https:\/\/estado29.mx\/index.php?rest_route=%2Fwp%2Fv2%2Fcategories&post=95636"},{"taxonomy":"post_tag","embeddable":true,"href":"https:\/\/estado29.mx\/index.php?rest_route=%2Fwp%2Fv2%2Ftags&post=95636"}],"curies":[{"name":"wp","href":"https:\/\/api.w.org\/{rel}","templated":true}]}}