{"id":95682,"date":"2025-05-22T10:03:52","date_gmt":"2025-05-22T10:03:52","guid":{"rendered":"https:\/\/estado29.mx\/?p=95682"},"modified":"2025-06-13T18:10:37","modified_gmt":"2025-06-13T18:10:37","slug":"inaugura-rector-de-la-uatx-1er-congreso-mundial-de-derecho-por-la-construccion-de-la-paz","status":"publish","type":"post","link":"https:\/\/estado29.mx\/?p=95682","title":{"rendered":"Inaugura Rector de la UATx 1er. Congreso Mundial de Derecho \u201cPor la construcci\u00f3n de la paz\u201d"},"content":{"rendered":"<figure class=\"wp-block-post-featured-image\"><img loading=\"lazy\" decoding=\"async\" width=\"530\" height=\"353\" src=\"https:\/\/estado29.mx\/wp-content\/uploads\/2025\/05\/1er-congreso-uatx.jpg\" class=\"attachment-post-thumbnail size-post-thumbnail wp-post-image\" alt=\"\" style=\"object-fit:cover;\" srcset=\"https:\/\/estado29.mx\/wp-content\/uploads\/2025\/05\/1er-congreso-uatx.jpg 530w, https:\/\/estado29.mx\/wp-content\/uploads\/2025\/05\/1er-congreso-uatx-300x200.jpg 300w\" sizes=\"auto, (max-width: 530px) 100vw, 530px\" \/><\/figure>\n\n\n<p>Inici\u00f3 en la Universidad Aut\u00f3noma de Tlaxcala (UATx), el 1er. Congreso Mundial de Derecho \u201cPor la construcci\u00f3n de la paz\u201d, inaugurado por el Doctor Seraf\u00edn Ortiz Ortiz, Rector de la m\u00e1xima Casa de Estudios que organiza la Facultad de Derecho, Ciencias Pol\u00edticas y Criminolog\u00eda como parte de su 60 aniversario de fundaci\u00f3n.<\/p>\n\n\n\n<p>Inserto Rector SOO Congreso Derecho<\/p>\n\n\n\n<p>Este Congreso representa un espacio de di\u00e1logo acad\u00e9mico que fortalece la cultura jur\u00eddica y la vocaci\u00f3n social de la UATx, reuniendo a destacados ponentes provenientes de Argentina, Portugal, Italia y M\u00e9xico, as\u00ed como a la comunidad estudiantil, docente y directiva de esta \u00e1rea universitaria.<\/p>\n\n\n\n<p>Durante la ceremonia inaugural en el Centro Cultural Universitario, se entregaron reconocimientos a docentes y personal administrativo por su destacada trayectoria y aportaciones al fortalecimiento de esta Facultad.<\/p>\n","protected":false},"excerpt":{"rendered":"<p>Inici\u00f3 en la Universidad Aut\u00f3noma de Tlaxcala (UATx), el 1er. Congreso Mundial de Derecho \u201cPor la construcci\u00f3n de la paz\u201d, inaugurado por el Doctor Seraf\u00edn Ortiz Ortiz, Rector de la m\u00e1xima Casa de Estudios que organiza la Facultad de Derecho, Ciencias Pol\u00edticas y Criminolog\u00eda como parte de su 60 aniversario de fundaci\u00f3n. Inserto Rector SOO [&hellip;]<\/p>\n","protected":false},"author":9,"featured_media":95683,"comment_status":"open","ping_status":"open","sticky":false,"template":"","format":"standard","meta":{"om_disable_all_campaigns":false,"_monsterinsights_skip_tracking":false,"_monsterinsights_sitenote_active":false,"_monsterinsights_sitenote_note":"","_monsterinsights_sitenote_category":0,"jnews-multi-image_gallery":[],"jnews_single_post":{"format":"standard"},"jnews_primary_category":[],"footnotes":""},"categories":[1],"tags":[],"class_list":["post-95682","post","type-post","status-publish","format-standard","has-post-thumbnail","hentry","category-uncategorized"],"aioseo_notices":[],"_links":{"self":[{"href":"https:\/\/estado29.mx\/index.php?rest_route=\/wp\/v2\/posts\/95682","targetHints":{"allow":["GET"]}}],"collection":[{"href":"https:\/\/estado29.mx\/index.php?rest_route=\/wp\/v2\/posts"}],"about":[{"href":"https:\/\/estado29.mx\/index.php?rest_route=\/wp\/v2\/types\/post"}],"author":[{"embeddable":true,"href":"https:\/\/estado29.mx\/index.php?rest_route=\/wp\/v2\/users\/9"}],"replies":[{"embeddable":true,"href":"https:\/\/estado29.mx\/index.php?rest_route=%2Fwp%2Fv2%2Fcomments&post=95682"}],"version-history":[{"count":1,"href":"https:\/\/estado29.mx\/index.php?rest_route=\/wp\/v2\/posts\/95682\/revisions"}],"predecessor-version":[{"id":95684,"href":"https:\/\/estado29.mx\/index.php?rest_route=\/wp\/v2\/posts\/95682\/revisions\/95684"}],"wp:featuredmedia":[{"embeddable":true,"href":"https:\/\/estado29.mx\/index.php?rest_route=\/wp\/v2\/media\/95683"}],"wp:attachment":[{"href":"https:\/\/estado29.mx\/index.php?rest_route=%2Fwp%2Fv2%2Fmedia&parent=95682"}],"wp:term":[{"taxonomy":"category","embeddable":true,"href":"https:\/\/estado29.mx\/index.php?rest_route=%2Fwp%2Fv2%2Fcategories&post=95682"},{"taxonomy":"post_tag","embeddable":true,"href":"https:\/\/estado29.mx\/index.php?rest_route=%2Fwp%2Fv2%2Ftags&post=95682"}],"curies":[{"name":"wp","href":"https:\/\/api.w.org\/{rel}","templated":true}]}}