{"id":95685,"date":"2025-05-22T12:07:43","date_gmt":"2025-05-22T12:07:43","guid":{"rendered":"https:\/\/estado29.mx\/?p=95685"},"modified":"2025-06-13T18:10:26","modified_gmt":"2025-06-13T18:10:26","slug":"celebran-uatx-y-stuat-el-dia-del-maestro-y-del-trabajador-universitario","status":"publish","type":"post","link":"https:\/\/estado29.mx\/?p=95685","title":{"rendered":"Celebran UATx y STUAT el \u201cD\u00eda del Maestro y del Trabajador Universitario\u201d"},"content":{"rendered":"<figure class=\"wp-block-post-featured-image\"><img loading=\"lazy\" decoding=\"async\" width=\"2560\" height=\"1707\" src=\"https:\/\/estado29.mx\/wp-content\/uploads\/2025\/05\/21-Celebran-UATx-y-STUAT-el-Dia-del-Maestro-y-del-Trabajador-Universitario-1-scaled.jpg\" class=\"attachment-post-thumbnail size-post-thumbnail wp-post-image\" alt=\"\" style=\"object-fit:cover;\" srcset=\"https:\/\/estado29.mx\/wp-content\/uploads\/2025\/05\/21-Celebran-UATx-y-STUAT-el-Dia-del-Maestro-y-del-Trabajador-Universitario-1-scaled.jpg 2560w, https:\/\/estado29.mx\/wp-content\/uploads\/2025\/05\/21-Celebran-UATx-y-STUAT-el-Dia-del-Maestro-y-del-Trabajador-Universitario-1-300x200.jpg 300w, https:\/\/estado29.mx\/wp-content\/uploads\/2025\/05\/21-Celebran-UATx-y-STUAT-el-Dia-del-Maestro-y-del-Trabajador-Universitario-1-1024x683.jpg 1024w, https:\/\/estado29.mx\/wp-content\/uploads\/2025\/05\/21-Celebran-UATx-y-STUAT-el-Dia-del-Maestro-y-del-Trabajador-Universitario-1-768x512.jpg 768w, https:\/\/estado29.mx\/wp-content\/uploads\/2025\/05\/21-Celebran-UATx-y-STUAT-el-Dia-del-Maestro-y-del-Trabajador-Universitario-1-1536x1024.jpg 1536w, https:\/\/estado29.mx\/wp-content\/uploads\/2025\/05\/21-Celebran-UATx-y-STUAT-el-Dia-del-Maestro-y-del-Trabajador-Universitario-1-2048x1365.jpg 2048w, https:\/\/estado29.mx\/wp-content\/uploads\/2025\/05\/21-Celebran-UATx-y-STUAT-el-Dia-del-Maestro-y-del-Trabajador-Universitario-1-750x500.jpg 750w, https:\/\/estado29.mx\/wp-content\/uploads\/2025\/05\/21-Celebran-UATx-y-STUAT-el-Dia-del-Maestro-y-del-Trabajador-Universitario-1-1140x760.jpg 1140w\" sizes=\"auto, (max-width: 2560px) 100vw, 2560px\" \/><\/figure>\n\n\n<p>\u00fc La formaci\u00f3n en Educaci\u00f3n Inicial es una prioridad en la agenda de la Universidad: Rector<\/p>\n\n\n\n<p>El posicionamiento de la Universidad Aut\u00f3noma de Tlaxcala (UATx) es in\u00e9dito, porque docentes y el personal administrativo y de servicios educativos con su labor privilegian el alto honor de educar y formar a hombres y mujeres de bien, remarc\u00f3 el Doctor Seraf\u00edn Ortiz Ortiz, Rector de la UATx, al presidir la celebraci\u00f3n del \u201cD\u00eda del Maestro y del Trabajador Universitario\u201d que organiz\u00f3 el Sindicato de Trabajadores de la Universidad Aut\u00f3noma de Tlaxcala (STUAT).<\/p>\n\n\n\n<p>Con la presencia de los exrectores de la Aut\u00f3noma de Tlaxcala, dirigencia del STUAT, estructura directiva y de la comunidad universitaria, el Doctor Ortiz habl\u00f3 de las fortalezas de la Instituci\u00f3n afincadas, entre otros factores, en sus docentes y trabajadores, en su clima laboral, en sus logros y tambi\u00e9n en su liderazgo nacional, gracias a proyectos como el de Educaci\u00f3n Inicial que se extiende a lo largo y ancho del pa\u00eds.<\/p>\n\n\n\n<p>Sostuvo que direccionar los lineamientos de la Educaci\u00f3n Inicial con las pol\u00edticas educativas prioritarias del gobierno federal permitir\u00e1 formar y capacitar a los docentes que atender\u00e1n a los nueve millones de ni\u00f1os y ni\u00f1as de entre 0 y 3 a\u00f1os de edad que demandan una atenci\u00f3n en su primera etapa de preparaci\u00f3n.<\/p>\n\n\n\n<p>El Rector precis\u00f3 que a trav\u00e9s del \u00e1rea de Educaci\u00f3n Continua, la licenciatura, la especialidad, la maestr\u00eda y, pr\u00f3ximamente, el doctorado en Educaci\u00f3n Inicial se ha formado, en promedio, a 12 mil 500 docentes vinculados a las instituciones que atienden a dicho segmento de la poblaci\u00f3n. Especific\u00f3 que, con la aprobaci\u00f3n del Honorable Consejo Universitario de la UATx, el Doctorado en Educaci\u00f3n Inicial y Gesti\u00f3n de Instituciones ser\u00e1 un programa nacional con alto impacto en el pa\u00eds.<\/p>\n\n\n\n<p>En este tenor, el Doctor Seraf\u00edn Ortiz explic\u00f3 a la comunidad universitaria reunida en el Centro de Convenciones que los recursos que se han recibido para la construcci\u00f3n de la Torre de Rector\u00eda permitir\u00e1n consolidar un proyecto educativo que ser\u00e1 emblem\u00e1tico e innovador para la entidad, con espacios prioritarios para la formaci\u00f3n y capacitaci\u00f3n de quienes se preparen en educaci\u00f3n inicial y gesti\u00f3n de instituciones.<\/p>\n\n\n\n<p>Por su parte, la Licenciada Teresa Balderrabano Mendo, Secretaria General del STUAT, afirm\u00f3 que esta celebraci\u00f3n es motivo de orgullo para los afiliados al Sindicato por su trabajo, dedicaci\u00f3n y entrega de excelentes resultados, con un alto compromiso del personal docente, administrativo y de servicios educativos, para contribuir a un avance significativo que coloca a esta alma mater a la vanguardia de la educaci\u00f3n superior.<\/p>\n","protected":false},"excerpt":{"rendered":"<p>\u00fc La formaci\u00f3n en Educaci\u00f3n Inicial es una prioridad en la agenda de la Universidad: Rector El posicionamiento de la Universidad Aut\u00f3noma de Tlaxcala (UATx) es in\u00e9dito, porque docentes y el personal administrativo y de servicios educativos con su labor privilegian el alto honor de educar y formar a hombres y mujeres de bien, remarc\u00f3 [&hellip;]<\/p>\n","protected":false},"author":9,"featured_media":95689,"comment_status":"open","ping_status":"open","sticky":false,"template":"","format":"standard","meta":{"om_disable_all_campaigns":false,"_monsterinsights_skip_tracking":false,"_monsterinsights_sitenote_active":false,"_monsterinsights_sitenote_note":"","_monsterinsights_sitenote_category":0,"jnews-multi-image_gallery":[],"jnews_single_post":{"format":"standard"},"jnews_primary_category":[],"footnotes":""},"categories":[1],"tags":[],"class_list":["post-95685","post","type-post","status-publish","format-standard","has-post-thumbnail","hentry","category-uncategorized"],"aioseo_notices":[],"_links":{"self":[{"href":"https:\/\/estado29.mx\/index.php?rest_route=\/wp\/v2\/posts\/95685","targetHints":{"allow":["GET"]}}],"collection":[{"href":"https:\/\/estado29.mx\/index.php?rest_route=\/wp\/v2\/posts"}],"about":[{"href":"https:\/\/estado29.mx\/index.php?rest_route=\/wp\/v2\/types\/post"}],"author":[{"embeddable":true,"href":"https:\/\/estado29.mx\/index.php?rest_route=\/wp\/v2\/users\/9"}],"replies":[{"embeddable":true,"href":"https:\/\/estado29.mx\/index.php?rest_route=%2Fwp%2Fv2%2Fcomments&post=95685"}],"version-history":[{"count":1,"href":"https:\/\/estado29.mx\/index.php?rest_route=\/wp\/v2\/posts\/95685\/revisions"}],"predecessor-version":[{"id":95690,"href":"https:\/\/estado29.mx\/index.php?rest_route=\/wp\/v2\/posts\/95685\/revisions\/95690"}],"wp:featuredmedia":[{"embeddable":true,"href":"https:\/\/estado29.mx\/index.php?rest_route=\/wp\/v2\/media\/95689"}],"wp:attachment":[{"href":"https:\/\/estado29.mx\/index.php?rest_route=%2Fwp%2Fv2%2Fmedia&parent=95685"}],"wp:term":[{"taxonomy":"category","embeddable":true,"href":"https:\/\/estado29.mx\/index.php?rest_route=%2Fwp%2Fv2%2Fcategories&post=95685"},{"taxonomy":"post_tag","embeddable":true,"href":"https:\/\/estado29.mx\/index.php?rest_route=%2Fwp%2Fv2%2Ftags&post=95685"}],"curies":[{"name":"wp","href":"https:\/\/api.w.org\/{rel}","templated":true}]}}