{"id":95693,"date":"2025-05-22T11:04:48","date_gmt":"2025-05-22T11:04:48","guid":{"rendered":"https:\/\/estado29.mx\/?p=95693"},"modified":"2025-06-13T18:10:20","modified_gmt":"2025-06-13T18:10:20","slug":"regresan-las-jornadas-del-bienestar-a-acuitlapilco-con-mas-apoyos-y-compromisos-cumplidos","status":"publish","type":"post","link":"https:\/\/estado29.mx\/?p=95693","title":{"rendered":"Regresan las Jornadas del Bienestar a Acuitlapilco con m\u00e1s apoyos y compromisos cumplidos"},"content":{"rendered":"<figure class=\"wp-block-post-featured-image\"><img loading=\"lazy\" decoding=\"async\" width=\"844\" height=\"709\" src=\"https:\/\/estado29.mx\/wp-content\/uploads\/2025\/05\/Screenshot_2025-05-22-09-26-12-73_6012fa4d4ddec268fc5c7112cbb265e7.jpg\" class=\"attachment-post-thumbnail size-post-thumbnail wp-post-image\" alt=\"\" style=\"object-fit:cover;\" srcset=\"https:\/\/estado29.mx\/wp-content\/uploads\/2025\/05\/Screenshot_2025-05-22-09-26-12-73_6012fa4d4ddec268fc5c7112cbb265e7.jpg 844w, https:\/\/estado29.mx\/wp-content\/uploads\/2025\/05\/Screenshot_2025-05-22-09-26-12-73_6012fa4d4ddec268fc5c7112cbb265e7-300x252.jpg 300w, https:\/\/estado29.mx\/wp-content\/uploads\/2025\/05\/Screenshot_2025-05-22-09-26-12-73_6012fa4d4ddec268fc5c7112cbb265e7-768x645.jpg 768w, https:\/\/estado29.mx\/wp-content\/uploads\/2025\/05\/Screenshot_2025-05-22-09-26-12-73_6012fa4d4ddec268fc5c7112cbb265e7-750x630.jpg 750w\" sizes=\"auto, (max-width: 844px) 100vw, 844px\" \/><\/figure>\n\n\n<p>El presidente municipal Alfonso S\u00e1nchez destac\u00f3 acciones emprendidas en la comunidad, entre ellas, rehabilitaci\u00f3n de la infraestructura p\u00fablica y la instalaci\u00f3n del Consejo Municipal de Desarrollo Rural Sustentable<\/p>\n\n\n\n<p>Por segunda ocasi\u00f3n, la comunidad de Acuitlapilco fue sede de las Jornadas del Bienestar, una estrategia encabezada por el presidente municipal Alfonso S\u00e1nchez Garc\u00eda y el Ayuntamiento de Tlaxcala, en la que se busca que las y los ciudadanos accedan servicios de salud, alimentaci\u00f3n, educaci\u00f3n y programas sociales en las zonas prioritarias del municipio.<\/p>\n\n\n\n<p>Durante su mensaje, el presidente municipal, Alfonso S\u00e1nchez Garc\u00eda, agradeci\u00f3 el recibimiento de las familias y reiter\u00f3 que estas jornadas, que forma parte de la estrategia \u00b7Juntos por el Bien de Todos\u201d, regresar\u00e1n las veces que sea necesario para atender las necesidades de la comunidad.\u201cNos da mucho gusto trabajar cerca de ustedes y regresar las veces que sean necesarias para atender las necesidades de su comunidad y cumplir con los compromisos que realizamos desde la campa\u00f1a\u201d, expres\u00f3 el alcalde, quien detall\u00f3 los avances logrados en Acuitlapilco.<\/p>\n\n\n\n<p>Entre las acciones destacadas, dijo, se encuentra la rehabilitaci\u00f3n de la red de alumbrado p\u00fablico en la avenida principal, la pavimentaci\u00f3n con concreto hidr\u00e1ulico de la calle Allende \u2014incluyendo drenaje, guarniciones y banquetas\u2014, y el inicio del reencarpetamiento de la carretera Tlaxcala-Puebla, una de las principales v\u00edas de acceso a la capital.Adem\u00e1s, recientemente se instal\u00f3 en esta comunidad el Consejo Municipal de Desarrollo Rural Sustentable, con el objetivo de impulsar un proyecto piloto para aumentar la producci\u00f3n de ma\u00edz, el cual podr\u00eda replicarse en otras zonas del municipio y del estado.Al respecto, el presidente municipal subray\u00f3: \u201cEstamos convencidos de que podemos erradicar la pobreza extrema; esta es nuestra convicci\u00f3n y nuestra obligaci\u00f3n\u201d. Tambi\u00e9n enfatiz\u00f3 que su administraci\u00f3n trabaja hombro con hombro con la ciudadan\u00eda.<\/p>\n\n\n\n<p>\u201cEl nuestro es un gobierno solidario. Tenemos claro que el bienestar y la paz en el municipio solo son posibles si trabajamos para que ninguna de nuestras hermanas y hermanos se quede afuera del desarrollo compartido\u201d.<\/p>\n\n\n\n<p>Durante la jornada, las y los vecinos pudieron acceder a atenci\u00f3n m\u00e9dica gratuita, registro en programas sociales como las Pensiones para el Bienestar o la Beca Rita Cetina, y recibir tarjetas para despensas y boletos para el comedor comunitario de pr\u00f3xima inauguraci\u00f3n.<\/p>\n\n\n\n<p>Finalmente, el presidente Alfonso S\u00e1nchez anunci\u00f3 que las Jornadas del Bienestar continuar\u00e1n recorriendo de nueva cuenta las comunidades y delegaciones del municipio, con el objetivo de abarcar a m\u00e1s beneficiarios y facilitar el acceso a los servicios que se ofrecen.Teclea \/ para elegir un bloqueAbrir el panel de publicar<\/p>\n\n\n\n<p><\/p>\n","protected":false},"excerpt":{"rendered":"<p>El presidente municipal Alfonso S\u00e1nchez destac\u00f3 acciones emprendidas en la comunidad, entre ellas, rehabilitaci\u00f3n de la infraestructura p\u00fablica y la instalaci\u00f3n del Consejo Municipal de Desarrollo Rural Sustentable Por segunda ocasi\u00f3n, la comunidad de Acuitlapilco fue sede de las Jornadas del Bienestar, una estrategia encabezada por el presidente municipal Alfonso S\u00e1nchez Garc\u00eda y el Ayuntamiento [&hellip;]<\/p>\n","protected":false},"author":4,"featured_media":95694,"comment_status":"open","ping_status":"open","sticky":false,"template":"","format":"standard","meta":{"om_disable_all_campaigns":false,"_monsterinsights_skip_tracking":false,"_monsterinsights_sitenote_active":false,"_monsterinsights_sitenote_note":"","_monsterinsights_sitenote_category":0,"jnews-multi-image_gallery":[],"jnews_single_post":{"format":"standard"},"jnews_primary_category":[],"footnotes":""},"categories":[1],"tags":[],"class_list":["post-95693","post","type-post","status-publish","format-standard","has-post-thumbnail","hentry","category-uncategorized"],"aioseo_notices":[],"_links":{"self":[{"href":"https:\/\/estado29.mx\/index.php?rest_route=\/wp\/v2\/posts\/95693","targetHints":{"allow":["GET"]}}],"collection":[{"href":"https:\/\/estado29.mx\/index.php?rest_route=\/wp\/v2\/posts"}],"about":[{"href":"https:\/\/estado29.mx\/index.php?rest_route=\/wp\/v2\/types\/post"}],"author":[{"embeddable":true,"href":"https:\/\/estado29.mx\/index.php?rest_route=\/wp\/v2\/users\/4"}],"replies":[{"embeddable":true,"href":"https:\/\/estado29.mx\/index.php?rest_route=%2Fwp%2Fv2%2Fcomments&post=95693"}],"version-history":[{"count":1,"href":"https:\/\/estado29.mx\/index.php?rest_route=\/wp\/v2\/posts\/95693\/revisions"}],"predecessor-version":[{"id":95695,"href":"https:\/\/estado29.mx\/index.php?rest_route=\/wp\/v2\/posts\/95693\/revisions\/95695"}],"wp:featuredmedia":[{"embeddable":true,"href":"https:\/\/estado29.mx\/index.php?rest_route=\/wp\/v2\/media\/95694"}],"wp:attachment":[{"href":"https:\/\/estado29.mx\/index.php?rest_route=%2Fwp%2Fv2%2Fmedia&parent=95693"}],"wp:term":[{"taxonomy":"category","embeddable":true,"href":"https:\/\/estado29.mx\/index.php?rest_route=%2Fwp%2Fv2%2Fcategories&post=95693"},{"taxonomy":"post_tag","embeddable":true,"href":"https:\/\/estado29.mx\/index.php?rest_route=%2Fwp%2Fv2%2Ftags&post=95693"}],"curies":[{"name":"wp","href":"https:\/\/api.w.org\/{rel}","templated":true}]}}