{"id":95702,"date":"2025-05-22T11:08:36","date_gmt":"2025-05-22T11:08:36","guid":{"rendered":"https:\/\/estado29.mx\/?p=95702"},"modified":"2025-06-13T18:10:03","modified_gmt":"2025-06-13T18:10:03","slug":"invita-ayuntamiento-de-huamantla-a-emprendedores-a-participar-en-la-expo-fiesta-2025","status":"publish","type":"post","link":"https:\/\/estado29.mx\/?p=95702","title":{"rendered":"INVITA AYUNTAMIENTO DE HUAMANTLA A EMPRENDEDORES A PARTICIPAR EN LA \u201cEXPO FIESTA 2025\u201d"},"content":{"rendered":"<figure class=\"wp-block-post-featured-image\"><img loading=\"lazy\" decoding=\"async\" width=\"800\" height=\"445\" src=\"https:\/\/estado29.mx\/wp-content\/uploads\/2025\/05\/unnamed-20-1.webp\" class=\"attachment-post-thumbnail size-post-thumbnail wp-post-image\" alt=\"\" style=\"object-fit:cover;\" srcset=\"https:\/\/estado29.mx\/wp-content\/uploads\/2025\/05\/unnamed-20-1.webp 800w, https:\/\/estado29.mx\/wp-content\/uploads\/2025\/05\/unnamed-20-1-300x167.webp 300w, https:\/\/estado29.mx\/wp-content\/uploads\/2025\/05\/unnamed-20-1-768x427.webp 768w, https:\/\/estado29.mx\/wp-content\/uploads\/2025\/05\/unnamed-20-1-750x417.webp 750w\" sizes=\"auto, (max-width: 800px) 100vw, 800px\" \/><\/figure>\n\n\n<p><em>La convocatoria de registro estar\u00e1 abierta hasta el pr\u00f3ximo viernes 30 de mayo<\/em><\/p>\n\n\n\n<p>El Gobierno Municipal de Huamantla, a trav\u00e9s de la Direcci\u00f3n de Bienestar y la Coordinaci\u00f3n de Juventud, invita a la \u201cExpo Fiesta 2025\u201d, un evento pensado para impulsar a los emprendedores locales dedicados a productos y servicios para celebraciones sociales.<\/p>\n\n\n\n<p>La cita es el pr\u00f3ximo 8 de junio, de 10:00 a 18:00 horas, en el auditorio de la Ex Cancha 13, donde el talento huamantleco se mostrar\u00e1 en su m\u00e1xima expresi\u00f3n, con productos de gran calidad y a muy buen costo.<\/p>\n\n\n\n<p>Quienes deseen participar deber\u00e1n ser originarios de Huamantla y podr\u00e1n inscribirse directamente en las oficinas de la Coordinaci\u00f3n de Juventud, ubicadas en el Bulevar Cuamanco, en la Oficina El Punto, en un horario de 8:00 a 16:00 horas con fecha l\u00edmite hasta el viernes 30 de mayo.<\/p>\n\n\n\n<p>La Expo Fiesta 2025 est\u00e1 dise\u00f1ada como una plataforma de visibilidad y crecimiento para quienes con creatividad y esfuerzo han construido negocios relacionados con el mundo de las fiestas, desde decoraci\u00f3n y reposter\u00eda hasta fotograf\u00eda, animaci\u00f3n, banquetes y m\u00e1s.<\/p>\n\n\n\n<p>La participaci\u00f3n ser\u00e1 completamente gratuita, tanto para emprendedores como para el p\u00fablico en general, con el objetivo de abrir espacios inclusivos y accesibles para todos.<\/p>\n\n\n\n<p>Cabe destacar que este evento representa una gran oportunidad para mostrar productos, conectar con nuevos clientes y fortalecer el comercio local.&nbsp;<\/p>\n","protected":false},"excerpt":{"rendered":"<p>La convocatoria de registro estar\u00e1 abierta hasta el pr\u00f3ximo viernes 30 de mayo El Gobierno Municipal de Huamantla, a trav\u00e9s de la Direcci\u00f3n de Bienestar y la Coordinaci\u00f3n de Juventud, invita a la \u201cExpo Fiesta 2025\u201d, un evento pensado para impulsar a los emprendedores locales dedicados a productos y servicios para celebraciones sociales. La cita [&hellip;]<\/p>\n","protected":false},"author":9,"featured_media":95703,"comment_status":"open","ping_status":"open","sticky":false,"template":"","format":"standard","meta":{"om_disable_all_campaigns":false,"_monsterinsights_skip_tracking":false,"_monsterinsights_sitenote_active":false,"_monsterinsights_sitenote_note":"","_monsterinsights_sitenote_category":0,"jnews-multi-image_gallery":[],"jnews_single_post":{"format":"standard"},"jnews_primary_category":[],"footnotes":""},"categories":[1],"tags":[],"class_list":["post-95702","post","type-post","status-publish","format-standard","has-post-thumbnail","hentry","category-uncategorized"],"aioseo_notices":[],"_links":{"self":[{"href":"https:\/\/estado29.mx\/index.php?rest_route=\/wp\/v2\/posts\/95702","targetHints":{"allow":["GET"]}}],"collection":[{"href":"https:\/\/estado29.mx\/index.php?rest_route=\/wp\/v2\/posts"}],"about":[{"href":"https:\/\/estado29.mx\/index.php?rest_route=\/wp\/v2\/types\/post"}],"author":[{"embeddable":true,"href":"https:\/\/estado29.mx\/index.php?rest_route=\/wp\/v2\/users\/9"}],"replies":[{"embeddable":true,"href":"https:\/\/estado29.mx\/index.php?rest_route=%2Fwp%2Fv2%2Fcomments&post=95702"}],"version-history":[{"count":1,"href":"https:\/\/estado29.mx\/index.php?rest_route=\/wp\/v2\/posts\/95702\/revisions"}],"predecessor-version":[{"id":95704,"href":"https:\/\/estado29.mx\/index.php?rest_route=\/wp\/v2\/posts\/95702\/revisions\/95704"}],"wp:featuredmedia":[{"embeddable":true,"href":"https:\/\/estado29.mx\/index.php?rest_route=\/wp\/v2\/media\/95703"}],"wp:attachment":[{"href":"https:\/\/estado29.mx\/index.php?rest_route=%2Fwp%2Fv2%2Fmedia&parent=95702"}],"wp:term":[{"taxonomy":"category","embeddable":true,"href":"https:\/\/estado29.mx\/index.php?rest_route=%2Fwp%2Fv2%2Fcategories&post=95702"},{"taxonomy":"post_tag","embeddable":true,"href":"https:\/\/estado29.mx\/index.php?rest_route=%2Fwp%2Fv2%2Ftags&post=95702"}],"curies":[{"name":"wp","href":"https:\/\/api.w.org\/{rel}","templated":true}]}}