{"id":95721,"date":"2025-05-24T13:46:01","date_gmt":"2025-05-24T13:46:01","guid":{"rendered":"https:\/\/estado29.mx\/?p=95721"},"modified":"2025-06-13T18:42:24","modified_gmt":"2025-06-13T18:42:24","slug":"promueven-autoridades-ambientales-y-educativas-comites-de-cambio-climatico","status":"publish","type":"post","link":"https:\/\/estado29.mx\/?p=95721","title":{"rendered":"Promueven autoridades ambientales y educativas comit\u00e9s de cambio clim\u00e1tico"},"content":{"rendered":"\n<p><\/p>\n\n\n\n<p>El Gobierno del Estado, a trav\u00e9s de la Secretar\u00eda de Medio Ambiente (SMA), la Secretar\u00eda de Educaci\u00f3n P\u00fablica del Estado (SEPE) y la Unidad de Servicios Educativos del Estado de Tlaxcala (USET), fortalece una pol\u00edtica educativa \u00fanica a nivel nacional: los Comit\u00e9s Municipales de Cambio Clim\u00e1tico.<\/p>\n\n\n\n<p>Esta estrategia busca formar una ciudadan\u00eda consciente, activa y comprometida con el medio ambiente, generando una red de acci\u00f3n desde las comunidades, para que trascienda a los municipios y al estado.<\/p>\n\n\n\n<p>El objetivo de estos Comit\u00e9s es sumar esfuerzos locales para implementar acciones concretas de educaci\u00f3n ambiental, fomentando una cultura de cuidado y protecci\u00f3n, como parte de una estrategia integral contra el cambio clim\u00e1tico.<\/p>\n\n\n\n<p>Los Comit\u00e9s Municipales promueven la capacitaci\u00f3n en temas como el Manejo de Ecosistemas Forestales para la Adaptaci\u00f3n al Cambio Clim\u00e1tico, con \u00e9nfasis en reconocer el valor de los servicios que los ecosistemas brindan a la sociedad, como el aire limpio, el agua, la polinizaci\u00f3n y la regulaci\u00f3n del clima.<\/p>\n\n\n\n<p>Tambi\u00e9n, fomentar el cuidado de los h\u00e1bitats naturales, as\u00ed como su flora y fauna, manteniendo su equilibrio y resiliencia; implementar medidas para prevenir la degradaci\u00f3n de los bosques, garantizando su sanidad y regeneraci\u00f3n; y concientizar a la comunidad sobre las causas, efectos y acciones para prevenir y controlar incendios en zonas forestales, fortaleciendo la vigilancia y cuidado de los espacios naturales protegidos, que son refugios para la biodiversidad local.<\/p>\n\n\n\n<p>De este modo, se pretende desarrollar pr\u00e1cticas que permitan aprovechar los recursos forestales sin comprometer su futuro ni el de las pr\u00f3ximas generaciones.<\/p>\n\n\n\n<p>Mediante este trabajo conjunto, se reafirma el compromiso del gobierno estatal con una ciudadan\u00eda ambientalmente responsable, fortaleciendo el v\u00ednculo entre el conocimiento, la participaci\u00f3n comunitaria y la acci\u00f3n clim\u00e1tica.<\/p>\n","protected":false},"excerpt":{"rendered":"<p>El Gobierno del Estado, a trav\u00e9s de la Secretar\u00eda de Medio Ambiente (SMA), la Secretar\u00eda de Educaci\u00f3n P\u00fablica del Estado (SEPE) y la Unidad de Servicios Educativos del Estado de Tlaxcala (USET), fortalece una pol\u00edtica educativa \u00fanica a nivel nacional: los Comit\u00e9s Municipales de Cambio Clim\u00e1tico. Esta estrategia busca formar una ciudadan\u00eda consciente, activa y [&hellip;]<\/p>\n","protected":false},"author":4,"featured_media":95722,"comment_status":"open","ping_status":"open","sticky":false,"template":"","format":"standard","meta":{"om_disable_all_campaigns":false,"_monsterinsights_skip_tracking":false,"_monsterinsights_sitenote_active":false,"_monsterinsights_sitenote_note":"","_monsterinsights_sitenote_category":0,"jnews-multi-image_gallery":[],"jnews_single_post":{"format":"standard"},"jnews_primary_category":[],"footnotes":""},"categories":[1],"tags":[],"class_list":["post-95721","post","type-post","status-publish","format-standard","has-post-thumbnail","hentry","category-uncategorized"],"aioseo_notices":[],"_links":{"self":[{"href":"https:\/\/estado29.mx\/index.php?rest_route=\/wp\/v2\/posts\/95721","targetHints":{"allow":["GET"]}}],"collection":[{"href":"https:\/\/estado29.mx\/index.php?rest_route=\/wp\/v2\/posts"}],"about":[{"href":"https:\/\/estado29.mx\/index.php?rest_route=\/wp\/v2\/types\/post"}],"author":[{"embeddable":true,"href":"https:\/\/estado29.mx\/index.php?rest_route=\/wp\/v2\/users\/4"}],"replies":[{"embeddable":true,"href":"https:\/\/estado29.mx\/index.php?rest_route=%2Fwp%2Fv2%2Fcomments&post=95721"}],"version-history":[{"count":1,"href":"https:\/\/estado29.mx\/index.php?rest_route=\/wp\/v2\/posts\/95721\/revisions"}],"predecessor-version":[{"id":95723,"href":"https:\/\/estado29.mx\/index.php?rest_route=\/wp\/v2\/posts\/95721\/revisions\/95723"}],"wp:featuredmedia":[{"embeddable":true,"href":"https:\/\/estado29.mx\/index.php?rest_route=\/wp\/v2\/media\/95722"}],"wp:attachment":[{"href":"https:\/\/estado29.mx\/index.php?rest_route=%2Fwp%2Fv2%2Fmedia&parent=95721"}],"wp:term":[{"taxonomy":"category","embeddable":true,"href":"https:\/\/estado29.mx\/index.php?rest_route=%2Fwp%2Fv2%2Fcategories&post=95721"},{"taxonomy":"post_tag","embeddable":true,"href":"https:\/\/estado29.mx\/index.php?rest_route=%2Fwp%2Fv2%2Ftags&post=95721"}],"curies":[{"name":"wp","href":"https:\/\/api.w.org\/{rel}","templated":true}]}}