{"id":95727,"date":"2025-05-24T12:50:49","date_gmt":"2025-05-24T12:50:49","guid":{"rendered":"https:\/\/estado29.mx\/?p=95727"},"modified":"2025-06-13T18:42:10","modified_gmt":"2025-06-13T18:42:10","slug":"estudiantes-de-cecyte-emsad-fortaleceran-su-formacion-tecnologica-y-ambiental-en-el-ceas","status":"publish","type":"post","link":"https:\/\/estado29.mx\/?p=95727","title":{"rendered":"Estudiantes de CECYTE-EMSAD fortalecer\u00e1n su formaci\u00f3n tecnol\u00f3gica y ambiental en el CEAS"},"content":{"rendered":"\n<p><\/p>\n\n\n\n<p>\u2022Ambas instituciones firmaron un convenio de colaboraci\u00f3n para el desarrollo de acciones en beneficio de los alumnos del subsistema<\/p>\n\n\n\n<p>Con el objetivo de impulsar la formaci\u00f3n acad\u00e9mica y medio ambiental de sus alumnos, el Colegio de Estudios Cient\u00edficos y Tecnol\u00f3gicos del Estado y los Centros de Educaci\u00f3n Media Superior a Distancia (CECyTE-EMSaD) firmaron un convenio de colaboraci\u00f3n con la Comisi\u00f3n Estatal del Agua y Saneamiento de Tlaxcala (CEAS) que permitir\u00e1 la realizaci\u00f3n de acciones que fortalezcan sus competencias y promuevan la cultura ambiental.<\/p>\n\n\n\n<p>&nbsp;El acuerdo fue formalizado por el director general del CECyTE-EMSaD, Blas Marvin Mora Olvera, y el titular de la CEAS, Javier Israel Tob\u00f3n Solano, quienes refrendaron el compromiso de ambas instituciones por generar espacios de aprendizaje pr\u00e1ctico, mediante la incorporaci\u00f3n de estudiantes a proyectos reales.<\/p>\n\n\n\n<p>En el marco de este convenio, la CEAS recibir\u00e1 a estudiantes de CECyTE\u2013EMSaD para realizar visitas guiadas al Espacio Inmersivo del Agua mediante el programa \u201cDe Mochila por el Cuidado del Agua\u201d.<\/p>\n\n\n\n<p>Adem\u00e1s, conocer\u00e1n los procesos por los que pasan las aguas residuales para ser devueltas al medio ambiente en la Planta de Tratamiento de Aguas Residuales (PTAR) de Tlaxcala.<\/p>\n\n\n\n<p>La CEAS brindar\u00e1 oportunidades a las y los alumnos de los 32 planteles CECyTE y 25 EMSaD para realizar su servicio social y pr\u00e1cticas profesionales, adem\u00e1s de integrarlos en actividades acad\u00e9micas, talleres, proyectos especiales y programas relacionados con la gesti\u00f3n del agua, el tratamiento de aguas residuales, y la cultura del cuidado del recurso h\u00eddrico.<\/p>\n\n\n\n<p>La firma de este acuerdo representa un paso significativo en la vinculaci\u00f3n entre el sector educativo y el ambiental en Tlaxcala, y refrenda el compromiso del gobierno estatal por promover una educaci\u00f3n integral, vinculada con los retos del entorno y las necesidades del estado.<\/p>\n","protected":false},"excerpt":{"rendered":"<p>\u2022Ambas instituciones firmaron un convenio de colaboraci\u00f3n para el desarrollo de acciones en beneficio de los alumnos del subsistema Con el objetivo de impulsar la formaci\u00f3n acad\u00e9mica y medio ambiental de sus alumnos, el Colegio de Estudios Cient\u00edficos y Tecnol\u00f3gicos del Estado y los Centros de Educaci\u00f3n Media Superior a Distancia (CECyTE-EMSaD) firmaron un convenio [&hellip;]<\/p>\n","protected":false},"author":4,"featured_media":95728,"comment_status":"open","ping_status":"open","sticky":false,"template":"","format":"standard","meta":{"om_disable_all_campaigns":false,"_monsterinsights_skip_tracking":false,"_monsterinsights_sitenote_active":false,"_monsterinsights_sitenote_note":"","_monsterinsights_sitenote_category":0,"jnews-multi-image_gallery":[],"jnews_single_post":{"format":"standard"},"jnews_primary_category":[],"footnotes":""},"categories":[1],"tags":[],"class_list":["post-95727","post","type-post","status-publish","format-standard","has-post-thumbnail","hentry","category-uncategorized"],"aioseo_notices":[],"_links":{"self":[{"href":"https:\/\/estado29.mx\/index.php?rest_route=\/wp\/v2\/posts\/95727","targetHints":{"allow":["GET"]}}],"collection":[{"href":"https:\/\/estado29.mx\/index.php?rest_route=\/wp\/v2\/posts"}],"about":[{"href":"https:\/\/estado29.mx\/index.php?rest_route=\/wp\/v2\/types\/post"}],"author":[{"embeddable":true,"href":"https:\/\/estado29.mx\/index.php?rest_route=\/wp\/v2\/users\/4"}],"replies":[{"embeddable":true,"href":"https:\/\/estado29.mx\/index.php?rest_route=%2Fwp%2Fv2%2Fcomments&post=95727"}],"version-history":[{"count":1,"href":"https:\/\/estado29.mx\/index.php?rest_route=\/wp\/v2\/posts\/95727\/revisions"}],"predecessor-version":[{"id":95729,"href":"https:\/\/estado29.mx\/index.php?rest_route=\/wp\/v2\/posts\/95727\/revisions\/95729"}],"wp:featuredmedia":[{"embeddable":true,"href":"https:\/\/estado29.mx\/index.php?rest_route=\/wp\/v2\/media\/95728"}],"wp:attachment":[{"href":"https:\/\/estado29.mx\/index.php?rest_route=%2Fwp%2Fv2%2Fmedia&parent=95727"}],"wp:term":[{"taxonomy":"category","embeddable":true,"href":"https:\/\/estado29.mx\/index.php?rest_route=%2Fwp%2Fv2%2Fcategories&post=95727"},{"taxonomy":"post_tag","embeddable":true,"href":"https:\/\/estado29.mx\/index.php?rest_route=%2Fwp%2Fv2%2Ftags&post=95727"}],"curies":[{"name":"wp","href":"https:\/\/api.w.org\/{rel}","templated":true}]}}