{"id":95730,"date":"2025-05-24T11:52:08","date_gmt":"2025-05-24T11:52:08","guid":{"rendered":"https:\/\/estado29.mx\/?p=95730"},"modified":"2025-06-13T18:42:04","modified_gmt":"2025-06-13T18:42:04","slug":"ciclo-de-conferencias-sembrando-historia-llegara-a-estudiantes-tlaxcaltecas","status":"publish","type":"post","link":"https:\/\/estado29.mx\/?p=95730","title":{"rendered":"Ciclo de conferencias \u201csembrando historia\u201d llegar\u00e1 a estudiantes tlaxcaltecas"},"content":{"rendered":"\n<p><\/p>\n\n\n\n<p>\u2022Se trata de un proyecto nacional dirigido a j\u00f3venes de educaci\u00f3n media superior y superior<\/p>\n\n\n\n<p>El ciclo de conferencias \u201cSembrando Historia\u201d, que se realiza a nivel nacional impulsado por el Gobierno de M\u00e9xico, llegar\u00e1 a seis instituciones tlaxcaltecas de educaci\u00f3n media superior y superior, con el objetivo de reconstruir la identidad nacional y crear conciencia en las juventudes sobre la importancia de conocer los sucesos hist\u00f3ricos que han derivado en grandes transformaciones.<\/p>\n\n\n\n<p>En un trabajo coordinado entre el Gobierno del Estado, a trav\u00e9s de la Secretar\u00eda de Educaci\u00f3n P\u00fablica del Estado y la Unidad de Servicios Educativos del Estado de Tlaxcala (SEPE-USET), con el Instituto Mexicano de la Juventud (Imjuve) que encabeza la actividad, se trabaj\u00f3 para que el estado forme parte de este proyecto nacional en beneficio de los j\u00f3venes estudiantes.<\/p>\n\n\n\n<p>El titular de la SEPE-USET, Homero Meneses Hern\u00e1ndez, resalt\u00f3 que se trata de un proyecto impulsado por la presidenta Claudia Sheinbaum, en busca de lograr juventudes cr\u00edticas y reflexivas respecto al pasado hist\u00f3rico y al presente por construir.<\/p>\n\n\n\n<p>Resalt\u00f3 que estas actividades llegar\u00e1n a m\u00e1s de 100 preparatorias y universidades de todo el pa\u00eds, las cuales buscan reivindicar nuestra historia y los valores que nos dan identidad como naci\u00f3n.<\/p>\n\n\n\n<p>En el ciclo \u201cSembrando Historia\u201d tambi\u00e9n participan, el Imjuve, en coordinaci\u00f3n con el Fondo de Cultura Econ\u00f3mica (FCE), el Archivo General de la Naci\u00f3n (AGN), el Archivo General Agrario (AGA), la Secretar\u00eda del Trabajo y Previsi\u00f3n Social (STPS) y el Registro Agrario Nacional (RAN).<\/p>\n\n\n\n<p>Son 90 historiadoras e historiadores quienes ya se sumaron a esta actividad en toda la Rep\u00fablica Mexicana.<\/p>\n\n\n\n<p>En Tlaxcala, el 26 de mayo, el historiador Pedro Salmer\u00f3n Sangin\u00e9s impartir\u00e1 conferencia \u201cSembrando Historia\u201d, en la Universidad Polit\u00e9cnica de Tlaxcala (UPTx), a las 10:00 horas, y en la Universidad Aut\u00f3noma de Tlaxcala (UATx), a las 13:00 horas<\/p>\n\n\n\n<p>El 27 de mayo, el historiador Carlos Roberto Galaviz S\u00e1nchez encabezar\u00e1 las ponencias en el Colegio de Bachilleres del Estado de Tlaxcala (Cobat) a las 10:00 horas y en el Instituto Tecnol\u00f3gico de Apizaco (ITA) a las 13:00 horas.<\/p>\n\n\n\n<p>En tanto, el 28 de mayo ser\u00e1 el historiador V\u00edctor Iv\u00e1n Guti\u00e9rrez Maldonado quien encabezar\u00e1 el ciclo de conferencias en la Universidad Pedag\u00f3gica Nacional (UPN) Unidad 291-Tlaxcala a las 10:00 horas y en la Escuela Normal Urbana Lic. Emilio S\u00e1nchez Piedras a las 13:00 horas.<\/p>\n","protected":false},"excerpt":{"rendered":"<p>\u2022Se trata de un proyecto nacional dirigido a j\u00f3venes de educaci\u00f3n media superior y superior El ciclo de conferencias \u201cSembrando Historia\u201d, que se realiza a nivel nacional impulsado por el Gobierno de M\u00e9xico, llegar\u00e1 a seis instituciones tlaxcaltecas de educaci\u00f3n media superior y superior, con el objetivo de reconstruir la identidad nacional y crear conciencia [&hellip;]<\/p>\n","protected":false},"author":4,"featured_media":95731,"comment_status":"open","ping_status":"open","sticky":false,"template":"","format":"standard","meta":{"om_disable_all_campaigns":false,"_monsterinsights_skip_tracking":false,"_monsterinsights_sitenote_active":false,"_monsterinsights_sitenote_note":"","_monsterinsights_sitenote_category":0,"jnews-multi-image_gallery":[],"jnews_single_post":{"format":"standard"},"jnews_primary_category":[],"footnotes":""},"categories":[1],"tags":[],"class_list":["post-95730","post","type-post","status-publish","format-standard","has-post-thumbnail","hentry","category-uncategorized"],"aioseo_notices":[],"_links":{"self":[{"href":"https:\/\/estado29.mx\/index.php?rest_route=\/wp\/v2\/posts\/95730","targetHints":{"allow":["GET"]}}],"collection":[{"href":"https:\/\/estado29.mx\/index.php?rest_route=\/wp\/v2\/posts"}],"about":[{"href":"https:\/\/estado29.mx\/index.php?rest_route=\/wp\/v2\/types\/post"}],"author":[{"embeddable":true,"href":"https:\/\/estado29.mx\/index.php?rest_route=\/wp\/v2\/users\/4"}],"replies":[{"embeddable":true,"href":"https:\/\/estado29.mx\/index.php?rest_route=%2Fwp%2Fv2%2Fcomments&post=95730"}],"version-history":[{"count":1,"href":"https:\/\/estado29.mx\/index.php?rest_route=\/wp\/v2\/posts\/95730\/revisions"}],"predecessor-version":[{"id":95732,"href":"https:\/\/estado29.mx\/index.php?rest_route=\/wp\/v2\/posts\/95730\/revisions\/95732"}],"wp:featuredmedia":[{"embeddable":true,"href":"https:\/\/estado29.mx\/index.php?rest_route=\/wp\/v2\/media\/95731"}],"wp:attachment":[{"href":"https:\/\/estado29.mx\/index.php?rest_route=%2Fwp%2Fv2%2Fmedia&parent=95730"}],"wp:term":[{"taxonomy":"category","embeddable":true,"href":"https:\/\/estado29.mx\/index.php?rest_route=%2Fwp%2Fv2%2Fcategories&post=95730"},{"taxonomy":"post_tag","embeddable":true,"href":"https:\/\/estado29.mx\/index.php?rest_route=%2Fwp%2Fv2%2Ftags&post=95730"}],"curies":[{"name":"wp","href":"https:\/\/api.w.org\/{rel}","templated":true}]}}