{"id":95775,"date":"2025-05-26T12:47:31","date_gmt":"2025-05-26T12:47:31","guid":{"rendered":"https:\/\/estado29.mx\/?p=95775"},"modified":"2025-06-13T19:12:54","modified_gmt":"2025-06-13T19:12:54","slug":"el-ayuntamiento-de-tlaxcala-garantiza-la-aplicacion-de-la-ley-y-el-respeto-al-debido-proceso-2","status":"publish","type":"post","link":"https:\/\/estado29.mx\/?p=95775","title":{"rendered":"El Ayuntamiento de Tlaxcala garantiza la aplicaci\u00f3n de la ley y el respeto al debido proceso"},"content":{"rendered":"<figure class=\"wp-block-post-featured-image\"><img loading=\"lazy\" decoding=\"async\" width=\"1600\" height=\"1343\" src=\"https:\/\/estado29.mx\/wp-content\/uploads\/2025\/05\/WhatsApp-Image-2025-05-26-at-7.55.51-AM.jpeg\" class=\"attachment-post-thumbnail size-post-thumbnail wp-post-image\" alt=\"\" style=\"object-fit:cover;\" srcset=\"https:\/\/estado29.mx\/wp-content\/uploads\/2025\/05\/WhatsApp-Image-2025-05-26-at-7.55.51-AM.jpeg 1600w, https:\/\/estado29.mx\/wp-content\/uploads\/2025\/05\/WhatsApp-Image-2025-05-26-at-7.55.51-AM-300x252.jpeg 300w, https:\/\/estado29.mx\/wp-content\/uploads\/2025\/05\/WhatsApp-Image-2025-05-26-at-7.55.51-AM-1024x860.jpeg 1024w, https:\/\/estado29.mx\/wp-content\/uploads\/2025\/05\/WhatsApp-Image-2025-05-26-at-7.55.51-AM-768x645.jpeg 768w, https:\/\/estado29.mx\/wp-content\/uploads\/2025\/05\/WhatsApp-Image-2025-05-26-at-7.55.51-AM-1536x1289.jpeg 1536w, https:\/\/estado29.mx\/wp-content\/uploads\/2025\/05\/WhatsApp-Image-2025-05-26-at-7.55.51-AM-750x630.jpeg 750w, https:\/\/estado29.mx\/wp-content\/uploads\/2025\/05\/WhatsApp-Image-2025-05-26-at-7.55.51-AM-1140x957.jpeg 1140w\" sizes=\"auto, (max-width: 1600px) 100vw, 1600px\" \/><\/figure>\n\n\n<p>En atenci\u00f3n a un reporte ciudadano recibido a trav\u00e9s del servicio de emergencias 911, elementos de la Direcci\u00f3n de Seguridad, Protecci\u00f3n Ciudadana y Movilidad del Municipio de Tlaxcala acudieron a la calle Jard\u00edn de la Corregidora, donde se reportaba la posible comisi\u00f3n de un acto il\u00edcito relacionado con la demolici\u00f3n de una propiedad privada.<\/p>\n\n\n\n<p>Derivado de esta intervenci\u00f3n, se realiz\u00f3 la detenci\u00f3n del ciudadano Cristian N., quien fue puesto a disposici\u00f3n de la Fiscal\u00eda General de Justicia del Estado de Tlaxcala por su presunta responsabilidad en hechos que podr\u00edan constituir un delito.<\/p>\n\n\n\n<p>Asimismo, se procedi\u00f3 a la detenci\u00f3n de la ciudadana Miriam N., por la falta administrativa de alteraci\u00f3n al orden p\u00fablico, conforme al art\u00edculo 55, fracci\u00f3n I del Bando de Polic\u00eda y Gobierno del Municipio de Tlaxcala.<\/p>\n\n\n\n<p>En todo momento, las autoridades municipales actuaron con base en los protocolos establecidos, buscando garantizar el respeto a los derechos humanos, la integridad de las personas involucradas y la observancia del marco legal aplicable.<\/p>\n\n\n\n<p>A la ciudadana detenida se le impuso una sanci\u00f3n administrativa, misma que fue cubierta por un familiar y que deriv\u00f3 en su liberaci\u00f3n conforme a lo previsto por la ley.<\/p>\n\n\n\n<p>El Ayuntamiento de Tlaxcala reafirma su compromiso con la legalidad, la transparencia y el respeto al Estado de derecho.<\/p>\n\n\n\n<p>La actuaci\u00f3n de las autoridades municipales fue apegada a la normatividad vigente, procurando en todo momento la seguridad p\u00fablica y la salvaguarda de los intereses de todas las partes involucradas.<\/p>\n\n\n\n<p>Corresponder\u00e1 ahora a las autoridades estatales competentes determinar la situaci\u00f3n legal del ciudadano puesto a disposici\u00f3n de la Fiscal\u00eda, en apego a los principios del debido proceso.<\/p>\n\n\n\n<p>La administraci\u00f3n municipal continuar\u00e1 colaborando con las instancias correspondientes para el esclarecimiento de los hechos, reiterando su responsabilidad de actuar con imparcialidad, objetividad y respeto a la legalidad.<\/p>\n","protected":false},"excerpt":{"rendered":"<p>En atenci\u00f3n a un reporte ciudadano recibido a trav\u00e9s del servicio de emergencias 911, elementos de la Direcci\u00f3n de Seguridad, Protecci\u00f3n Ciudadana y Movilidad del Municipio de Tlaxcala acudieron a la calle Jard\u00edn de la Corregidora, donde se reportaba la posible comisi\u00f3n de un acto il\u00edcito relacionado con la demolici\u00f3n de una propiedad privada. Derivado [&hellip;]<\/p>\n","protected":false},"author":4,"featured_media":95776,"comment_status":"open","ping_status":"open","sticky":false,"template":"","format":"standard","meta":{"om_disable_all_campaigns":false,"_monsterinsights_skip_tracking":false,"_monsterinsights_sitenote_active":false,"_monsterinsights_sitenote_note":"","_monsterinsights_sitenote_category":0,"jnews-multi-image_gallery":[],"jnews_single_post":{"format":"standard"},"jnews_primary_category":[],"footnotes":""},"categories":[1],"tags":[],"class_list":["post-95775","post","type-post","status-publish","format-standard","has-post-thumbnail","hentry","category-uncategorized"],"aioseo_notices":[],"_links":{"self":[{"href":"https:\/\/estado29.mx\/index.php?rest_route=\/wp\/v2\/posts\/95775","targetHints":{"allow":["GET"]}}],"collection":[{"href":"https:\/\/estado29.mx\/index.php?rest_route=\/wp\/v2\/posts"}],"about":[{"href":"https:\/\/estado29.mx\/index.php?rest_route=\/wp\/v2\/types\/post"}],"author":[{"embeddable":true,"href":"https:\/\/estado29.mx\/index.php?rest_route=\/wp\/v2\/users\/4"}],"replies":[{"embeddable":true,"href":"https:\/\/estado29.mx\/index.php?rest_route=%2Fwp%2Fv2%2Fcomments&post=95775"}],"version-history":[{"count":1,"href":"https:\/\/estado29.mx\/index.php?rest_route=\/wp\/v2\/posts\/95775\/revisions"}],"predecessor-version":[{"id":95777,"href":"https:\/\/estado29.mx\/index.php?rest_route=\/wp\/v2\/posts\/95775\/revisions\/95777"}],"wp:featuredmedia":[{"embeddable":true,"href":"https:\/\/estado29.mx\/index.php?rest_route=\/wp\/v2\/media\/95776"}],"wp:attachment":[{"href":"https:\/\/estado29.mx\/index.php?rest_route=%2Fwp%2Fv2%2Fmedia&parent=95775"}],"wp:term":[{"taxonomy":"category","embeddable":true,"href":"https:\/\/estado29.mx\/index.php?rest_route=%2Fwp%2Fv2%2Fcategories&post=95775"},{"taxonomy":"post_tag","embeddable":true,"href":"https:\/\/estado29.mx\/index.php?rest_route=%2Fwp%2Fv2%2Ftags&post=95775"}],"curies":[{"name":"wp","href":"https:\/\/api.w.org\/{rel}","templated":true}]}}