{"id":95784,"date":"2025-05-26T11:29:31","date_gmt":"2025-05-26T11:29:31","guid":{"rendered":"https:\/\/estado29.mx\/?p=95784"},"modified":"2025-06-13T19:12:35","modified_gmt":"2025-06-13T19:12:35","slug":"salvador-santos-cedilllo-apoya-a-los-agricultores-de-huamantla-con-90-toneladas-de-semilla-de-avena-mejorada","status":"publish","type":"post","link":"https:\/\/estado29.mx\/?p=95784","title":{"rendered":"SALVADOR SANTOS CEDILLLO APOYA A LOS AGRICULTORES DE HUAMANTLA CON 90 TONELADAS DE SEMILLA DE AVENA MEJORADA"},"content":{"rendered":"<figure class=\"wp-block-post-featured-image\"><img loading=\"lazy\" decoding=\"async\" width=\"1280\" height=\"853\" src=\"https:\/\/estado29.mx\/wp-content\/uploads\/2025\/05\/WhatsApp-Image-2025-05-26-at-10.03.08-AM.jpeg\" class=\"attachment-post-thumbnail size-post-thumbnail wp-post-image\" alt=\"\" style=\"object-fit:cover;\" srcset=\"https:\/\/estado29.mx\/wp-content\/uploads\/2025\/05\/WhatsApp-Image-2025-05-26-at-10.03.08-AM.jpeg 1280w, https:\/\/estado29.mx\/wp-content\/uploads\/2025\/05\/WhatsApp-Image-2025-05-26-at-10.03.08-AM-300x200.jpeg 300w, https:\/\/estado29.mx\/wp-content\/uploads\/2025\/05\/WhatsApp-Image-2025-05-26-at-10.03.08-AM-1024x682.jpeg 1024w, https:\/\/estado29.mx\/wp-content\/uploads\/2025\/05\/WhatsApp-Image-2025-05-26-at-10.03.08-AM-768x512.jpeg 768w, https:\/\/estado29.mx\/wp-content\/uploads\/2025\/05\/WhatsApp-Image-2025-05-26-at-10.03.08-AM-750x500.jpeg 750w, https:\/\/estado29.mx\/wp-content\/uploads\/2025\/05\/WhatsApp-Image-2025-05-26-at-10.03.08-AM-1140x760.jpeg 1140w\" sizes=\"auto, (max-width: 1280px) 100vw, 1280px\" \/><\/figure>\n\n\n<p><strong><em>El objetivo es hacer frente al clima adverso que pueda afectar los cultivos tradicionales<\/em><\/strong><strong><em><\/em><\/strong><\/p>\n\n\n\n<p><strong>En el marco del D\u00eda del Agricultor, y como una medida alternativa para sembrar en zonas de cultivo de Huamantla que m\u00e1s lo necesitan, el Presidente Municipal, Salvador Santos Cedillo, entreg\u00f3 este s\u00e1bado 90 toneladas de semillas mejoradas a m\u00e1s de mil productores locales.<\/strong><strong><\/strong><\/p>\n\n\n\n<p><strong>De esta manera, los campesinos beneficiados tendr\u00e1n la posibilidad de sembrar \u2014cada uno\u2014 90 kilos de avena mejorada, variedad \u00c1gata, en los ciclos Primavera-Verano u Oto\u00f1o-Invierno, cuya cosecha beneficiar\u00e1 econ\u00f3micamente a sus familias.<\/strong><strong><\/strong><\/p>\n\n\n\n<p><strong>Durante el acto de entrega, el alcalde Salvador Santos Cedillo destac\u00f3 que, debido al cambio clim\u00e1tico que afecta al mundo, en el pa\u00eds y el estado se han registrado altas temperaturas y escasas lluvias, lo que ha dificultado obtener cosechas de cultivos tradicionales como el ma\u00edz; por ello, su administraci\u00f3n determin\u00f3 entregar esta semilla resistente para evitar que la producci\u00f3n de este ciclo sea p\u00e9rdida y afecte a las y los productores. <\/strong><strong><\/strong><\/p>\n\n\n\n<p><strong>En este contexto, el edil hizo un llamado a sumarse a las acciones de cuidado del medio ambiente, evitando tirar basura en lugares inadecuados y el uso de cohetes en festividades, ya que esto inhibe las lluvias.<\/strong><strong><\/strong><\/p>\n\n\n\n<p><strong>\u201cEsta semilla les va a ayudar a tener algunos ingresos para sus familias si en este ciclo no se logra cosechar ma\u00edz. Espero que la cosecha sea buena y que las cosas salgan bien\u201d, enfatiz\u00f3 Salvador Santos Cedillo.<\/strong><strong><\/strong><\/p>\n\n\n\n<p><strong>Asimismo, el Presidente Municipal reconoci\u00f3 la labor de los hombres y mujeres dedicados a la producci\u00f3n agr\u00edcola, un sector muy importante en la econom\u00eda local, del cual depende el sustento alimenticio de las familias.<\/strong><strong><\/strong><\/p>\n\n\n\n<p><strong>Por su parte, el coordinador de Agricultura, Ganader\u00eda y Bienestar Animal, Armando Francisco Rosete S\u00e1nchez, felicit\u00f3 a los productores por hacer producir el campo y llevar alimentos a las mesas de las familias.<\/strong><strong><\/strong><\/p>\n\n\n\n<p><strong>En representaci\u00f3n de los beneficiarios, Olea Gonz\u00e1lez Romero agradeci\u00f3 el apoyo del Gobierno Municipal: \u201cSe\u00f1or Presidente, a nombre de mis compa\u00f1eros productores, queremos agradecerle por el apoyo con la avena, ya que para nosotros es fundamental contar con una alternativa de cultivo\u201d.<\/strong><strong><\/strong><\/p>\n\n\n\n<p><strong>Durante el evento, estuvieron presentes comisariados ejidales, productores, presidentes de comunidad, regidores y funcionarios del Ayuntamiento.<\/strong><\/p>\n","protected":false},"excerpt":{"rendered":"<p>El objetivo es hacer frente al clima adverso que pueda afectar los cultivos tradicionales En el marco del D\u00eda del Agricultor, y como una medida alternativa para sembrar en zonas de cultivo de Huamantla que m\u00e1s lo necesitan, el Presidente Municipal, Salvador Santos Cedillo, entreg\u00f3 este s\u00e1bado 90 toneladas de semillas mejoradas a m\u00e1s de [&hellip;]<\/p>\n","protected":false},"author":9,"featured_media":95785,"comment_status":"open","ping_status":"open","sticky":false,"template":"","format":"standard","meta":{"om_disable_all_campaigns":false,"_monsterinsights_skip_tracking":false,"_monsterinsights_sitenote_active":false,"_monsterinsights_sitenote_note":"","_monsterinsights_sitenote_category":0,"jnews-multi-image_gallery":[],"jnews_single_post":{"format":"standard"},"jnews_primary_category":[],"footnotes":""},"categories":[1],"tags":[],"class_list":["post-95784","post","type-post","status-publish","format-standard","has-post-thumbnail","hentry","category-uncategorized"],"aioseo_notices":[],"_links":{"self":[{"href":"https:\/\/estado29.mx\/index.php?rest_route=\/wp\/v2\/posts\/95784","targetHints":{"allow":["GET"]}}],"collection":[{"href":"https:\/\/estado29.mx\/index.php?rest_route=\/wp\/v2\/posts"}],"about":[{"href":"https:\/\/estado29.mx\/index.php?rest_route=\/wp\/v2\/types\/post"}],"author":[{"embeddable":true,"href":"https:\/\/estado29.mx\/index.php?rest_route=\/wp\/v2\/users\/9"}],"replies":[{"embeddable":true,"href":"https:\/\/estado29.mx\/index.php?rest_route=%2Fwp%2Fv2%2Fcomments&post=95784"}],"version-history":[{"count":1,"href":"https:\/\/estado29.mx\/index.php?rest_route=\/wp\/v2\/posts\/95784\/revisions"}],"predecessor-version":[{"id":95786,"href":"https:\/\/estado29.mx\/index.php?rest_route=\/wp\/v2\/posts\/95784\/revisions\/95786"}],"wp:featuredmedia":[{"embeddable":true,"href":"https:\/\/estado29.mx\/index.php?rest_route=\/wp\/v2\/media\/95785"}],"wp:attachment":[{"href":"https:\/\/estado29.mx\/index.php?rest_route=%2Fwp%2Fv2%2Fmedia&parent=95784"}],"wp:term":[{"taxonomy":"category","embeddable":true,"href":"https:\/\/estado29.mx\/index.php?rest_route=%2Fwp%2Fv2%2Fcategories&post=95784"},{"taxonomy":"post_tag","embeddable":true,"href":"https:\/\/estado29.mx\/index.php?rest_route=%2Fwp%2Fv2%2Ftags&post=95784"}],"curies":[{"name":"wp","href":"https:\/\/api.w.org\/{rel}","templated":true}]}}