{"id":95793,"date":"2025-05-26T11:37:35","date_gmt":"2025-05-26T11:37:35","guid":{"rendered":"https:\/\/estado29.mx\/?p=95793"},"modified":"2025-06-13T19:27:53","modified_gmt":"2025-06-13T19:27:53","slug":"gobierno-municipal-retira-residuos-solidos-esparcidos-de-forma-irregular-en-la-colonia-emiliano-zapata","status":"publish","type":"post","link":"https:\/\/estado29.mx\/?p=95793","title":{"rendered":"GOBIERNO MUNICIPAL RETIRA RESIDUOS S\u00d3LIDOS ESPARCIDOS DE FORMA IRREGULAR EN LA COLONIA EMILIANO ZAPATA"},"content":{"rendered":"<figure class=\"wp-block-post-featured-image\"><img loading=\"lazy\" decoding=\"async\" width=\"1203\" height=\"803\" src=\"https:\/\/estado29.mx\/wp-content\/uploads\/2025\/05\/WhatsApp-Image-2025-05-24-at-7.57.08-PM-1.jpeg\" class=\"attachment-post-thumbnail size-post-thumbnail wp-post-image\" alt=\"\" style=\"object-fit:cover;\" srcset=\"https:\/\/estado29.mx\/wp-content\/uploads\/2025\/05\/WhatsApp-Image-2025-05-24-at-7.57.08-PM-1.jpeg 1203w, https:\/\/estado29.mx\/wp-content\/uploads\/2025\/05\/WhatsApp-Image-2025-05-24-at-7.57.08-PM-1-300x200.jpeg 300w, https:\/\/estado29.mx\/wp-content\/uploads\/2025\/05\/WhatsApp-Image-2025-05-24-at-7.57.08-PM-1-1024x684.jpeg 1024w, https:\/\/estado29.mx\/wp-content\/uploads\/2025\/05\/WhatsApp-Image-2025-05-24-at-7.57.08-PM-1-768x513.jpeg 768w, https:\/\/estado29.mx\/wp-content\/uploads\/2025\/05\/WhatsApp-Image-2025-05-24-at-7.57.08-PM-1-750x501.jpeg 750w, https:\/\/estado29.mx\/wp-content\/uploads\/2025\/05\/WhatsApp-Image-2025-05-24-at-7.57.08-PM-1-1140x761.jpeg 1140w\" sizes=\"auto, (max-width: 1203px) 100vw, 1203px\" \/><\/figure>\n\n\n<p>El Ayuntamiento inform\u00f3 que se intensificar\u00e1n las acciones para fomentar la cultura de la limpieza en esta zona<\/p>\n\n\n\n<p>El Gobierno Municipal de Huamantla, a trav\u00e9s de la Coordinaci\u00f3n de Servicios P\u00fablicos, realiz\u00f3 este viernes una jornada de limpieza en la Calle Xicoht\u00e9ncatl, Fraccionamiento \u00c1lamos y en La Estaci\u00f3n, pertenecientes a la colonia Emiliano Zapata, donde se encontraban residuos s\u00f3lidos esparcidos de manera irregular.<\/p>\n\n\n\n<p>En respuesta a una denuncia ciudadana, y por cuarta ocasi\u00f3n consecutiva, se llevaron a cabo estas acciones, que responden al inter\u00e9s del Gobierno Municipal por la preservaci\u00f3n del medio ambiente y el orden urbano.<\/p>\n\n\n\n<p>Ante ello, el Ayuntamiento inform\u00f3 que se intensificar\u00e1n las acciones para fomentar la cultura de la limpieza en esta zona, a trav\u00e9s de la aplicaci\u00f3n del Reglamento Municipal.<\/p>\n\n\n\n<p>En este sentido, el \u00e1rea de Servicios Municipales exhort\u00f3 a las y los ciudadanos a evitar arrojar basura fuera de los horarios establecidos y a denunciar estas pr\u00e1cticas, ya que las personas que incurran en este tipo de actos podr\u00edan ser sancionadas.<\/p>\n\n\n\n<p>Estas medidas est\u00e1n sustentadas en el Bando de Polic\u00eda y Buen Gobierno, ya que en su art\u00edculo 103, fracci\u00f3n VIII, se establece que el abandono de basura en la v\u00eda p\u00fablica en d\u00edas y horarios no autorizados constituye una falta contra la salud p\u00fablica. Asimismo, los art\u00edculos 128 y 129 detallan que las sanciones podr\u00e1n ir desde apercibimientos, multas econ\u00f3micas, arrestos de hasta 36 horas, trabajos comunitarios o la asistencia obligatoria a sesiones formativas.<\/p>\n\n\n\n<p>Cabe destacar que, a trav\u00e9s del \u00e1rea de Ecolog\u00eda, el Gobierno Municipal lleva a cabo operativos de supervisi\u00f3n y concientizaci\u00f3n para evitar la acumulaci\u00f3n de residuos s\u00f3lidos urbanos en espacios p\u00fablicos, lo que busca contribuir a preservar la imagen de Huamantla como Pueblo M\u00e1gico.<\/p>\n","protected":false},"excerpt":{"rendered":"<p>El Ayuntamiento inform\u00f3 que se intensificar\u00e1n las acciones para fomentar la cultura de la limpieza en esta zona El Gobierno Municipal de Huamantla, a trav\u00e9s de la Coordinaci\u00f3n de Servicios P\u00fablicos, realiz\u00f3 este viernes una jornada de limpieza en la Calle Xicoht\u00e9ncatl, Fraccionamiento \u00c1lamos y en La Estaci\u00f3n, pertenecientes a la colonia Emiliano Zapata, donde [&hellip;]<\/p>\n","protected":false},"author":9,"featured_media":95794,"comment_status":"open","ping_status":"open","sticky":false,"template":"","format":"standard","meta":{"om_disable_all_campaigns":false,"_monsterinsights_skip_tracking":false,"_monsterinsights_sitenote_active":false,"_monsterinsights_sitenote_note":"","_monsterinsights_sitenote_category":0,"jnews-multi-image_gallery":[],"jnews_single_post":{"format":"standard"},"jnews_primary_category":[],"footnotes":""},"categories":[1],"tags":[],"class_list":["post-95793","post","type-post","status-publish","format-standard","has-post-thumbnail","hentry","category-uncategorized"],"aioseo_notices":[],"_links":{"self":[{"href":"https:\/\/estado29.mx\/index.php?rest_route=\/wp\/v2\/posts\/95793","targetHints":{"allow":["GET"]}}],"collection":[{"href":"https:\/\/estado29.mx\/index.php?rest_route=\/wp\/v2\/posts"}],"about":[{"href":"https:\/\/estado29.mx\/index.php?rest_route=\/wp\/v2\/types\/post"}],"author":[{"embeddable":true,"href":"https:\/\/estado29.mx\/index.php?rest_route=\/wp\/v2\/users\/9"}],"replies":[{"embeddable":true,"href":"https:\/\/estado29.mx\/index.php?rest_route=%2Fwp%2Fv2%2Fcomments&post=95793"}],"version-history":[{"count":1,"href":"https:\/\/estado29.mx\/index.php?rest_route=\/wp\/v2\/posts\/95793\/revisions"}],"predecessor-version":[{"id":95795,"href":"https:\/\/estado29.mx\/index.php?rest_route=\/wp\/v2\/posts\/95793\/revisions\/95795"}],"wp:featuredmedia":[{"embeddable":true,"href":"https:\/\/estado29.mx\/index.php?rest_route=\/wp\/v2\/media\/95794"}],"wp:attachment":[{"href":"https:\/\/estado29.mx\/index.php?rest_route=%2Fwp%2Fv2%2Fmedia&parent=95793"}],"wp:term":[{"taxonomy":"category","embeddable":true,"href":"https:\/\/estado29.mx\/index.php?rest_route=%2Fwp%2Fv2%2Fcategories&post=95793"},{"taxonomy":"post_tag","embeddable":true,"href":"https:\/\/estado29.mx\/index.php?rest_route=%2Fwp%2Fv2%2Ftags&post=95793"}],"curies":[{"name":"wp","href":"https:\/\/api.w.org\/{rel}","templated":true}]}}