{"id":95807,"date":"2025-05-27T13:32:20","date_gmt":"2025-05-27T13:32:20","guid":{"rendered":"https:\/\/estado29.mx\/?p=95807"},"modified":"2025-06-13T19:27:30","modified_gmt":"2025-06-13T19:27:30","slug":"lizeth-clama-justicia-por-la-mu3rt3-de-su-hijo-emilio-atropellado-en-huamantla","status":"publish","type":"post","link":"https:\/\/estado29.mx\/?p=95807","title":{"rendered":"Lizeth clama justicia por la mu3rt3 de su hijo Emilio, atropellado en Huamantla."},"content":{"rendered":"\n<p>Paco Ugarte.<\/p>\n\n\n\n<p>Lizeth N., madre del peque\u00f1o Emilio N., de entre 14 y 15 a\u00f1os de edad, oriundos de la comunidad de Ignacio Zaragoza, ha solicitado a las autoridades correspondientes, hacer justicia a los responsables de la muerte de peque\u00f1o.<\/p>\n\n\n\n<p>A decir de la madre del menor, el s\u00e1bado su hijo fue atropellado, cuando intentar\u00edan cruzar la carretera M\u00e9xico &#8211; Veracruz a la altura del municipio de Huamantla, por un veh\u00edculo Mazda con matr\u00edculas del estado de Tlaxcala.<\/p>\n\n\n\n<p>Es de mencionar que, el chofer de quien hasta el momento se desconoce su paradero, conduc\u00eda a exceso de velocidad y atendiendo una llamada telef\u00f3nica, al momento que sucedi\u00f3 el percance.<\/p>\n\n\n\n<p>Por este hecho se hizo cargo Guardia Nacional, sin embargo, al acudir al Ministerio P\u00fablico a Apizaco, se notific\u00f3 que no se encontraba ninguna persona detenida por esta situaci\u00f3n.<\/p>\n\n\n\n<p>Cabe mencionar que el menor perdi\u00f3 la vida en el Hospital IMSS Bienestar de Huamantla, por lo que exige justicia para hijo, ya que asegura la acompa\u00f1ante del conductor de burlaba de la situaci\u00f3n que se hab\u00eda vivido, en tanto en presunto responsable se hab\u00eda presentado como trabajador del Congreso del Estado de Tlaxcala.<\/p>\n","protected":false},"excerpt":{"rendered":"<p>Paco Ugarte. Lizeth N., madre del peque\u00f1o Emilio N., de entre 14 y 15 a\u00f1os de edad, oriundos de la comunidad de Ignacio Zaragoza, ha solicitado a las autoridades correspondientes, hacer justicia a los responsables de la muerte de peque\u00f1o. A decir de la madre del menor, el s\u00e1bado su hijo fue atropellado, cuando intentar\u00edan [&hellip;]<\/p>\n","protected":false},"author":5,"featured_media":95808,"comment_status":"open","ping_status":"open","sticky":false,"template":"","format":"standard","meta":{"om_disable_all_campaigns":false,"_monsterinsights_skip_tracking":false,"_monsterinsights_sitenote_active":false,"_monsterinsights_sitenote_note":"","_monsterinsights_sitenote_category":0,"jnews-multi-image_gallery":[],"jnews_single_post":{"format":"standard"},"jnews_primary_category":[],"footnotes":""},"categories":[1],"tags":[],"class_list":["post-95807","post","type-post","status-publish","format-standard","has-post-thumbnail","hentry","category-uncategorized"],"aioseo_notices":[],"_links":{"self":[{"href":"https:\/\/estado29.mx\/index.php?rest_route=\/wp\/v2\/posts\/95807","targetHints":{"allow":["GET"]}}],"collection":[{"href":"https:\/\/estado29.mx\/index.php?rest_route=\/wp\/v2\/posts"}],"about":[{"href":"https:\/\/estado29.mx\/index.php?rest_route=\/wp\/v2\/types\/post"}],"author":[{"embeddable":true,"href":"https:\/\/estado29.mx\/index.php?rest_route=\/wp\/v2\/users\/5"}],"replies":[{"embeddable":true,"href":"https:\/\/estado29.mx\/index.php?rest_route=%2Fwp%2Fv2%2Fcomments&post=95807"}],"version-history":[{"count":1,"href":"https:\/\/estado29.mx\/index.php?rest_route=\/wp\/v2\/posts\/95807\/revisions"}],"predecessor-version":[{"id":95809,"href":"https:\/\/estado29.mx\/index.php?rest_route=\/wp\/v2\/posts\/95807\/revisions\/95809"}],"wp:featuredmedia":[{"embeddable":true,"href":"https:\/\/estado29.mx\/index.php?rest_route=\/wp\/v2\/media\/95808"}],"wp:attachment":[{"href":"https:\/\/estado29.mx\/index.php?rest_route=%2Fwp%2Fv2%2Fmedia&parent=95807"}],"wp:term":[{"taxonomy":"category","embeddable":true,"href":"https:\/\/estado29.mx\/index.php?rest_route=%2Fwp%2Fv2%2Fcategories&post=95807"},{"taxonomy":"post_tag","embeddable":true,"href":"https:\/\/estado29.mx\/index.php?rest_route=%2Fwp%2Fv2%2Ftags&post=95807"}],"curies":[{"name":"wp","href":"https:\/\/api.w.org\/{rel}","templated":true}]}}