{"id":95810,"date":"2025-05-27T13:38:54","date_gmt":"2025-05-27T13:38:54","guid":{"rendered":"https:\/\/estado29.mx\/?p=95810"},"modified":"2025-06-13T19:27:25","modified_gmt":"2025-06-13T19:27:25","slug":"ya-se-tienen-empresas-interesadas-en-instalarse-en-polo-de-desarrollo-para-el-bienestar-en-huamantla-sedeco","status":"publish","type":"post","link":"https:\/\/estado29.mx\/?p=95810","title":{"rendered":"Ya se tienen empresas interesadas en instalarse en polo de desarrollo para el bienestar en Huamantla: SEDECO"},"content":{"rendered":"\n<p>*Este proyecto federal, gracias las gestiones de la gobernadora, beneficiar\u00e1 en el crecimiento econ\u00f3mico del estado, as\u00ed como a la generaci\u00f3n de empleos<\/p>\n\n\n\n<p>El titular de la Secretar\u00eda de Desarrollo Econ\u00f3mico (Sedeco), Javier Marroqu\u00edn Calder\u00f3n, ofreci\u00f3 en entrevistas detalles sobre el importante anuncio realizado este jueves durante la conferencia matutina presidencial, donde se confirm\u00f3 que Huamantla ha sido seleccionado como sede del Primer Polo de Desarrollo para el Bienestar en Tlaxcala.<\/p>\n\n\n\n<p>El funcionario explic\u00f3 que esta es una estrategia del Gobierno de M\u00e9xico que busca fomentar el crecimiento econ\u00f3mico, la inversi\u00f3n y el empleo en distintas regiones del pa\u00eds, y que Huamantla ha sido designado como uno de los 14 nuevos Polos de Desarrollo Econ\u00f3mico para el Bienestar (Podebis).<\/p>\n\n\n\n<p>Marroqu\u00edn Calder\u00f3n destac\u00f3 que este logro ha sido posible gracias a la gesti\u00f3n del Gobierno del Estado, encabezado por la gobernadora Lorena Cu\u00e9llar Cisneros, pues Huamantla fue elegido tras un riguroso proceso de evaluaci\u00f3n interinstitucional que consider\u00f3 factores como conectividad, potencial industrial, viabilidad territorial, impacto social y condiciones ambientales.<\/p>\n\n\n\n<p>\u201cTlaxcala es el estado m\u00e1s peque\u00f1o, pero con la gente m\u00e1s grande y Huamantla ha sido referente industrial en los \u00faltimos a\u00f1os, adem\u00e1s cuenta con un gobierno municipal comprometido con el desarrollo econ\u00f3mico\u201d, afirm\u00f3 para Radio Huamantla y FM Centro.<\/p>\n\n\n\n<p>Javier Marroqu\u00edn agreg\u00f3 que el nuevo polo iniciar\u00e1 con una primera etapa de 20 hect\u00e1reas, para la cual ya existen seis cartas de intenci\u00f3n de inversi\u00f3n de empresas interesadas en instalarse en el municipio. Estas abarcan sectores como el automotriz, alimentario y tecnol\u00f3gico, y ser\u00e1n parte de un parque industrial planificado bajo criterios de sostenibilidad y ordenamiento territorial.<\/p>\n\n\n\n<p>Indic\u00f3 que, con esta designaci\u00f3n, el municipio se posiciona como un centro estrat\u00e9gico para atraer inversiones en sectores como la agroindustria, automotriz, tecnolog\u00eda y energ\u00edas limpias, contribuyendo al desarrollo econ\u00f3mico sostenible de Tlaxcala y del pa\u00eds en general.<\/p>\n\n\n\n<p>El funcionario estatal asegur\u00f3 adem\u00e1s de atraer inversi\u00f3n, el Polo de Desarrollo traer\u00e1 consigo una importante generaci\u00f3n de empleos directos e indirectos, as\u00ed como un crecimiento en sectores como hoteler\u00eda, restaurantes, comercio y servicios.<\/p>\n\n\n\n<p>Agradeci\u00f3 a la mandataria estatal por el trabajo en la materia junto con los gobiernos federal y municipal, pues \u201csin el compromiso de servir a todos los ciudadanos sin distinci\u00f3n que mantiene la gobernadora, esto no hubiera sido posible\u201d.<\/p>\n\n\n\n<p>Los Polos de Desarrollo Econ\u00f3mico para el Bienestar ofrecen incentivos fiscales significativos para los inversionistas, incluyendo la deducci\u00f3n inmediata del 100 por ciento en activos fijos nuevos, deducciones adicionales del 25 por ciento en programas de capacitaci\u00f3n e investigaci\u00f3n y desarrollo, y facilidades en la concesi\u00f3n de predios federales, estatales y municipales.<\/p>\n","protected":false},"excerpt":{"rendered":"<p>*Este proyecto federal, gracias las gestiones de la gobernadora, beneficiar\u00e1 en el crecimiento econ\u00f3mico del estado, as\u00ed como a la generaci\u00f3n de empleos El titular de la Secretar\u00eda de Desarrollo Econ\u00f3mico (Sedeco), Javier Marroqu\u00edn Calder\u00f3n, ofreci\u00f3 en entrevistas detalles sobre el importante anuncio realizado este jueves durante la conferencia matutina presidencial, donde se confirm\u00f3 que [&hellip;]<\/p>\n","protected":false},"author":4,"featured_media":95811,"comment_status":"open","ping_status":"open","sticky":false,"template":"","format":"standard","meta":{"om_disable_all_campaigns":false,"_monsterinsights_skip_tracking":false,"_monsterinsights_sitenote_active":false,"_monsterinsights_sitenote_note":"","_monsterinsights_sitenote_category":0,"jnews-multi-image_gallery":[],"jnews_single_post":{"format":"standard"},"jnews_primary_category":[],"footnotes":""},"categories":[1],"tags":[],"class_list":["post-95810","post","type-post","status-publish","format-standard","has-post-thumbnail","hentry","category-uncategorized"],"aioseo_notices":[],"_links":{"self":[{"href":"https:\/\/estado29.mx\/index.php?rest_route=\/wp\/v2\/posts\/95810","targetHints":{"allow":["GET"]}}],"collection":[{"href":"https:\/\/estado29.mx\/index.php?rest_route=\/wp\/v2\/posts"}],"about":[{"href":"https:\/\/estado29.mx\/index.php?rest_route=\/wp\/v2\/types\/post"}],"author":[{"embeddable":true,"href":"https:\/\/estado29.mx\/index.php?rest_route=\/wp\/v2\/users\/4"}],"replies":[{"embeddable":true,"href":"https:\/\/estado29.mx\/index.php?rest_route=%2Fwp%2Fv2%2Fcomments&post=95810"}],"version-history":[{"count":1,"href":"https:\/\/estado29.mx\/index.php?rest_route=\/wp\/v2\/posts\/95810\/revisions"}],"predecessor-version":[{"id":95812,"href":"https:\/\/estado29.mx\/index.php?rest_route=\/wp\/v2\/posts\/95810\/revisions\/95812"}],"wp:featuredmedia":[{"embeddable":true,"href":"https:\/\/estado29.mx\/index.php?rest_route=\/wp\/v2\/media\/95811"}],"wp:attachment":[{"href":"https:\/\/estado29.mx\/index.php?rest_route=%2Fwp%2Fv2%2Fmedia&parent=95810"}],"wp:term":[{"taxonomy":"category","embeddable":true,"href":"https:\/\/estado29.mx\/index.php?rest_route=%2Fwp%2Fv2%2Fcategories&post=95810"},{"taxonomy":"post_tag","embeddable":true,"href":"https:\/\/estado29.mx\/index.php?rest_route=%2Fwp%2Fv2%2Ftags&post=95810"}],"curies":[{"name":"wp","href":"https:\/\/api.w.org\/{rel}","templated":true}]}}