{"id":95813,"date":"2025-05-27T13:41:25","date_gmt":"2025-05-27T13:41:25","guid":{"rendered":"https:\/\/estado29.mx\/?p=95813"},"modified":"2025-06-13T19:27:21","modified_gmt":"2025-06-13T19:27:21","slug":"docentes-de-la-uptx-presentes-en-cisco-academic-day-en-guadalajara","status":"publish","type":"post","link":"https:\/\/estado29.mx\/?p=95813","title":{"rendered":"Docentes de la UPTX, presentes en cisco academic day, en Guadalajara"},"content":{"rendered":"\n<p><\/p>\n\n\n\n<p>\u2022Cinco profesores representaron a la UPTx en uno de los eventos m\u00e1s importantes en redes y ciberseguridad en M\u00e9xico<\/p>\n\n\n\n<p>Con el prop\u00f3sito de fortalecer la formaci\u00f3n acad\u00e9mica y estar a la vanguardia en temas de tecnolog\u00eda de la informaci\u00f3n, cinco docentes de la Universidad Polit\u00e9cnica de Tlaxcala (UPTx) asistieron al Cisco Academic Day, realizado en la Universidad Aut\u00f3noma de Guadalajara.<\/p>\n\n\n\n<p>Este evento, organizado por Cisco Systems, es reconocido por conectar a la comunidad acad\u00e9mica con las \u00faltimas tendencias en redes, ciberseguridad e innovaci\u00f3n tecnol\u00f3gica.<\/p>\n\n\n\n<p>Los docentes tlaxcaltecas que participaron fueron los maestros Beatriz Bizuet Carmona, Osvaldo Moreno Hern\u00e1ndez, Jos\u00e9 Javier Carmona L\u00f3pez, Miguel Petriccioli Carrasco y Sylvia Elizabeth Hern\u00e1ndez Nava, quienes reafirmaron el compromiso de la UPTx con la actualizaci\u00f3n constante del cuerpo acad\u00e9mico y la mejora continua en la ense\u00f1anza de disciplinas tecnol\u00f3gicas.<\/p>\n\n\n\n<p>Durante el evento, los asistentes tuvieron acceso a talleres, sesiones de capacitaci\u00f3n y demostraciones de productos, lo que les permiti\u00f3 adquirir habilidades pr\u00e1cticas y conocimientos t\u00e9cnicos de \u00faltima generaci\u00f3n.<\/p>\n\n\n\n<p>Adem\u00e1s, el Cisco Academic Day ofreci\u00f3 un espacio \u00fanico para el networking entre expertos, investigadores, docentes y estudiantes de todo el pa\u00eds, por lo que la experiencia representa una valiosa oportunidad para establecer v\u00ednculos de colaboraci\u00f3n que pueden traducirse en proyectos conjuntos, mentor\u00edas acad\u00e9micas y futuras oportunidades laborales para la comunidad universitaria.<\/p>\n\n\n\n<p>Eventos como este impulsan el desarrollo de la educaci\u00f3n y la investigaci\u00f3n tecnol\u00f3gica en M\u00e9xico, y contribuyen significativamente a formar profesionales capaces de responder a los desaf\u00edos del mundo digital.<\/p>\n","protected":false},"excerpt":{"rendered":"<p>\u2022Cinco profesores representaron a la UPTx en uno de los eventos m\u00e1s importantes en redes y ciberseguridad en M\u00e9xico Con el prop\u00f3sito de fortalecer la formaci\u00f3n acad\u00e9mica y estar a la vanguardia en temas de tecnolog\u00eda de la informaci\u00f3n, cinco docentes de la Universidad Polit\u00e9cnica de Tlaxcala (UPTx) asistieron al Cisco Academic Day, realizado en [&hellip;]<\/p>\n","protected":false},"author":4,"featured_media":95814,"comment_status":"open","ping_status":"open","sticky":false,"template":"","format":"standard","meta":{"om_disable_all_campaigns":false,"_monsterinsights_skip_tracking":false,"_monsterinsights_sitenote_active":false,"_monsterinsights_sitenote_note":"","_monsterinsights_sitenote_category":0,"jnews-multi-image_gallery":[],"jnews_single_post":{"format":"standard"},"jnews_primary_category":[],"footnotes":""},"categories":[1],"tags":[],"class_list":["post-95813","post","type-post","status-publish","format-standard","has-post-thumbnail","hentry","category-uncategorized"],"aioseo_notices":[],"_links":{"self":[{"href":"https:\/\/estado29.mx\/index.php?rest_route=\/wp\/v2\/posts\/95813","targetHints":{"allow":["GET"]}}],"collection":[{"href":"https:\/\/estado29.mx\/index.php?rest_route=\/wp\/v2\/posts"}],"about":[{"href":"https:\/\/estado29.mx\/index.php?rest_route=\/wp\/v2\/types\/post"}],"author":[{"embeddable":true,"href":"https:\/\/estado29.mx\/index.php?rest_route=\/wp\/v2\/users\/4"}],"replies":[{"embeddable":true,"href":"https:\/\/estado29.mx\/index.php?rest_route=%2Fwp%2Fv2%2Fcomments&post=95813"}],"version-history":[{"count":1,"href":"https:\/\/estado29.mx\/index.php?rest_route=\/wp\/v2\/posts\/95813\/revisions"}],"predecessor-version":[{"id":95815,"href":"https:\/\/estado29.mx\/index.php?rest_route=\/wp\/v2\/posts\/95813\/revisions\/95815"}],"wp:featuredmedia":[{"embeddable":true,"href":"https:\/\/estado29.mx\/index.php?rest_route=\/wp\/v2\/media\/95814"}],"wp:attachment":[{"href":"https:\/\/estado29.mx\/index.php?rest_route=%2Fwp%2Fv2%2Fmedia&parent=95813"}],"wp:term":[{"taxonomy":"category","embeddable":true,"href":"https:\/\/estado29.mx\/index.php?rest_route=%2Fwp%2Fv2%2Fcategories&post=95813"},{"taxonomy":"post_tag","embeddable":true,"href":"https:\/\/estado29.mx\/index.php?rest_route=%2Fwp%2Fv2%2Ftags&post=95813"}],"curies":[{"name":"wp","href":"https:\/\/api.w.org\/{rel}","templated":true}]}}