{"id":95816,"date":"2025-05-27T12:57:12","date_gmt":"2025-05-27T12:57:12","guid":{"rendered":"https:\/\/estado29.mx\/?p=95816"},"modified":"2025-06-13T19:27:16","modified_gmt":"2025-06-13T19:27:16","slug":"presenta-gobernadora-en-cdmx-la-temporada-de-avistamiento-de-luciernagas-en-los-municipios-de-nanacamilpa-y-calpulalpan","status":"publish","type":"post","link":"https:\/\/estado29.mx\/?p=95816","title":{"rendered":"Presenta gobernadora en CDMX la temporada de avistamiento de luci\u00e9rnagas en los municipios de Nanacamilpa y Calpulalpan"},"content":{"rendered":"\n<p>La gobernadora Lorena Cu\u00e9llar Cisneros y la secretaria de Turismo del Gobierno de M\u00e9xico, Josefina Rodr\u00edguez Zamora, acompa\u00f1adas del secretario de Turismo de Tlaxcala, Fabricio Mena Rodr\u00edguez, presentaron la Temporada de Avistamiento de Luci\u00e9rnagas a desarrollarse del 20 de junio al 10 de agosto en los municipios de Nanacamilpa y Calpulalpan.<\/p>\n\n\n\n<p>La mandataria consider\u00f3 que para este a\u00f1o se espera la asistencia de 110 mil visitantes nacionales e internacionales provenientes de Canad\u00e1, Europa, Asia, Estados Unidos y, por supuesto, de estados como Puebla, Hidalgo, Veracruz, Estado de M\u00e9xico y de la Ciudad de M\u00e9xico.<\/p>\n\n\n\n<p>\u201cEstimamos una derrama econ\u00f3mica de m\u00e1s de 60 millones de pesos que fortalece a nuestras econom\u00edas locales, a nuestras mujeres emprendedoras, a nuestras cocineras tradicionales, a las ni\u00f1as y ni\u00f1os tlaxcaltecas que hoy tienen un futuro m\u00e1s claro porque sus padres tienen un trabajo digno en sus propias comunidades\u201d, precis\u00f3.<\/p>\n\n\n\n<p>Recalc\u00f3 que \u201cdurante este maravilloso espect\u00e1culo, los turistas y visitantes presencian el resultado de un trabajo colectivo que cuida, que protege y que ama, porque este evento natural no ser\u00eda posible sin el compromiso de nuestras comunidades, de nuestros gu\u00edas certificados, de las familias que han hecho del ecoturismo, una fuente de bienestar y de dignidad\u201d.<\/p>\n\n\n\n<p>A\u00f1adi\u00f3 que, para su gobierno, el turismo es una fuerza viva de transformaci\u00f3n; en tres a\u00f1os de administraci\u00f3n la derrama econ\u00f3mica tur\u00edstica ha superado la cifra hist\u00f3rica de 2 mil 800 millones de pesos.<\/p>\n\n\n\n<p>Desde la Ciudad de M\u00e9xico, la titular de Sectur, Josefina Rodr\u00edguez Zamora, destac\u00f3 que la temporada de luci\u00e9rnagas es un imperdible que tienen que conocer los mexicanos y los turistas. \u201cCuando a m\u00ed me preguntan cu\u00e1les son de las cosas que no te puedes perder de Tlaxcala, una es el santuario de las luci\u00e9rnagas, un fen\u00f3meno natural que ha hecho que Tlaxcala est\u00e9 dentro de los estados con mayor afluencia en los momentos que sucede, que es a partir de julio y agosto\u201d, enfatiz\u00f3.<\/p>\n\n\n\n<p>De la misma manera, destac\u00f3 que Tlaxcala tendr\u00e1 la octava gu\u00eda de turismo comunitario avalada por la UNESCO, lo que lo convertir\u00e1 en un referente en el mundo.<\/p>\n","protected":false},"excerpt":{"rendered":"<p>La gobernadora Lorena Cu\u00e9llar Cisneros y la secretaria de Turismo del Gobierno de M\u00e9xico, Josefina Rodr\u00edguez Zamora, acompa\u00f1adas del secretario de Turismo de Tlaxcala, Fabricio Mena Rodr\u00edguez, presentaron la Temporada de Avistamiento de Luci\u00e9rnagas a desarrollarse del 20 de junio al 10 de agosto en los municipios de Nanacamilpa y Calpulalpan. La mandataria consider\u00f3 que [&hellip;]<\/p>\n","protected":false},"author":4,"featured_media":95817,"comment_status":"open","ping_status":"open","sticky":false,"template":"","format":"standard","meta":{"om_disable_all_campaigns":false,"_monsterinsights_skip_tracking":false,"_monsterinsights_sitenote_active":false,"_monsterinsights_sitenote_note":"","_monsterinsights_sitenote_category":0,"jnews-multi-image_gallery":[],"jnews_single_post":{"format":"standard"},"jnews_primary_category":[],"footnotes":""},"categories":[1],"tags":[],"class_list":["post-95816","post","type-post","status-publish","format-standard","has-post-thumbnail","hentry","category-uncategorized"],"aioseo_notices":[],"_links":{"self":[{"href":"https:\/\/estado29.mx\/index.php?rest_route=\/wp\/v2\/posts\/95816","targetHints":{"allow":["GET"]}}],"collection":[{"href":"https:\/\/estado29.mx\/index.php?rest_route=\/wp\/v2\/posts"}],"about":[{"href":"https:\/\/estado29.mx\/index.php?rest_route=\/wp\/v2\/types\/post"}],"author":[{"embeddable":true,"href":"https:\/\/estado29.mx\/index.php?rest_route=\/wp\/v2\/users\/4"}],"replies":[{"embeddable":true,"href":"https:\/\/estado29.mx\/index.php?rest_route=%2Fwp%2Fv2%2Fcomments&post=95816"}],"version-history":[{"count":1,"href":"https:\/\/estado29.mx\/index.php?rest_route=\/wp\/v2\/posts\/95816\/revisions"}],"predecessor-version":[{"id":95818,"href":"https:\/\/estado29.mx\/index.php?rest_route=\/wp\/v2\/posts\/95816\/revisions\/95818"}],"wp:featuredmedia":[{"embeddable":true,"href":"https:\/\/estado29.mx\/index.php?rest_route=\/wp\/v2\/media\/95817"}],"wp:attachment":[{"href":"https:\/\/estado29.mx\/index.php?rest_route=%2Fwp%2Fv2%2Fmedia&parent=95816"}],"wp:term":[{"taxonomy":"category","embeddable":true,"href":"https:\/\/estado29.mx\/index.php?rest_route=%2Fwp%2Fv2%2Fcategories&post=95816"},{"taxonomy":"post_tag","embeddable":true,"href":"https:\/\/estado29.mx\/index.php?rest_route=%2Fwp%2Fv2%2Ftags&post=95816"}],"curies":[{"name":"wp","href":"https:\/\/api.w.org\/{rel}","templated":true}]}}