{"id":95822,"date":"2025-05-27T11:33:07","date_gmt":"2025-05-27T11:33:07","guid":{"rendered":"https:\/\/estado29.mx\/?p=95822"},"modified":"2025-06-13T19:27:03","modified_gmt":"2025-06-13T19:27:03","slug":"el-ayuntamiento-de-tlaxcala-asume-compromiso-contra-violencia-de-genero-laboral","status":"publish","type":"post","link":"https:\/\/estado29.mx\/?p=95822","title":{"rendered":"El Ayuntamiento de Tlaxcala asume compromiso contra violencia de g\u00e9nero laboral"},"content":{"rendered":"<figure class=\"wp-block-post-featured-image\"><img loading=\"lazy\" decoding=\"async\" width=\"1600\" height=\"1066\" src=\"https:\/\/estado29.mx\/wp-content\/uploads\/2025\/05\/IMG-20250527-WA0017.jpg\" class=\"attachment-post-thumbnail size-post-thumbnail wp-post-image\" alt=\"\" style=\"object-fit:cover;\" srcset=\"https:\/\/estado29.mx\/wp-content\/uploads\/2025\/05\/IMG-20250527-WA0017.jpg 1600w, https:\/\/estado29.mx\/wp-content\/uploads\/2025\/05\/IMG-20250527-WA0017-300x200.jpg 300w, https:\/\/estado29.mx\/wp-content\/uploads\/2025\/05\/IMG-20250527-WA0017-1024x682.jpg 1024w, https:\/\/estado29.mx\/wp-content\/uploads\/2025\/05\/IMG-20250527-WA0017-768x512.jpg 768w, https:\/\/estado29.mx\/wp-content\/uploads\/2025\/05\/IMG-20250527-WA0017-1536x1023.jpg 1536w, https:\/\/estado29.mx\/wp-content\/uploads\/2025\/05\/IMG-20250527-WA0017-750x500.jpg 750w, https:\/\/estado29.mx\/wp-content\/uploads\/2025\/05\/IMG-20250527-WA0017-1140x760.jpg 1140w\" sizes=\"auto, (max-width: 1600px) 100vw, 1600px\" \/><\/figure>\n\n\n<p>El presidente Alfonso S\u00e1nchez refrend\u00f3 su compromiso con la creaci\u00f3n de entornos laborales libres de violencia hacia las mujeres, mediante un protocolo institucional y la implementaci\u00f3n de la Ley 3 de 3 Contra la Violencia_Autoridades del Ayuntamiento de Tlaxcala, encabezadas por el presidente municipal, Alfonso S\u00e1nchez Garc\u00eda, firmaron el \u201cProtocolo para Prevenir, Atender y Sancionar la Violencia de G\u00e9nero en el \u00c1mbito Laboral, Acoso Sexual y Hostigamiento Sexual\u201d, refrendando con ello su compromiso institucional con la construcci\u00f3n de espacios laborales seguros, respetuosos y libres de violencia hacia las mujeres.<\/p>\n\n\n\n<figure class=\"wp-block-gallery has-nested-images columns-default is-cropped wp-block-gallery-1 is-layout-flex wp-block-gallery-is-layout-flex\">\n<figure class=\"wp-block-image size-large\"><img loading=\"lazy\" decoding=\"async\" width=\"1024\" height=\"682\" data-id=\"95824\" src=\"https:\/\/estado29.mx\/wp-content\/uploads\/2025\/05\/1000382736-1024x682.jpg\" alt=\"\" class=\"wp-image-95824\" srcset=\"https:\/\/estado29.mx\/wp-content\/uploads\/2025\/05\/1000382736-1024x682.jpg 1024w, https:\/\/estado29.mx\/wp-content\/uploads\/2025\/05\/1000382736-300x200.jpg 300w, https:\/\/estado29.mx\/wp-content\/uploads\/2025\/05\/1000382736-768x512.jpg 768w, https:\/\/estado29.mx\/wp-content\/uploads\/2025\/05\/1000382736-1536x1023.jpg 1536w, https:\/\/estado29.mx\/wp-content\/uploads\/2025\/05\/1000382736-750x500.jpg 750w, https:\/\/estado29.mx\/wp-content\/uploads\/2025\/05\/1000382736-1140x760.jpg 1140w, https:\/\/estado29.mx\/wp-content\/uploads\/2025\/05\/1000382736.jpg 1600w\" sizes=\"auto, (max-width: 1024px) 100vw, 1024px\" \/><\/figure>\n\n\n\n<figure class=\"wp-block-image size-large\"><img loading=\"lazy\" decoding=\"async\" width=\"1024\" height=\"682\" data-id=\"95825\" src=\"https:\/\/estado29.mx\/wp-content\/uploads\/2025\/05\/1000382737-1024x682.jpg\" alt=\"\" class=\"wp-image-95825\" srcset=\"https:\/\/estado29.mx\/wp-content\/uploads\/2025\/05\/1000382737-1024x682.jpg 1024w, https:\/\/estado29.mx\/wp-content\/uploads\/2025\/05\/1000382737-300x200.jpg 300w, https:\/\/estado29.mx\/wp-content\/uploads\/2025\/05\/1000382737-768x512.jpg 768w, https:\/\/estado29.mx\/wp-content\/uploads\/2025\/05\/1000382737-1536x1023.jpg 1536w, https:\/\/estado29.mx\/wp-content\/uploads\/2025\/05\/1000382737-750x500.jpg 750w, https:\/\/estado29.mx\/wp-content\/uploads\/2025\/05\/1000382737-1140x760.jpg 1140w, https:\/\/estado29.mx\/wp-content\/uploads\/2025\/05\/1000382737.jpg 1600w\" sizes=\"auto, (max-width: 1024px) 100vw, 1024px\" \/><\/figure>\n<\/figure>\n\n\n\n<p>En sesi\u00f3n de cabildo, el protocolo fue aprobado por unanimidad por las y los integrantes del cuerpo edilicio. Enseguida, el presidente municipal tom\u00f3 protesta al Comit\u00e9 encargado de dar cumplimiento a este instrumento, integrado por funcionarias y funcionarios del Ayuntamiento de Tlaxcala.<\/p>\n\n\n\n<p>Posteriormente, se llev\u00f3 a cabo la firma oficial del protocolo en presencia de colectivas defensoras de los derechos de las mujeres, as\u00ed como de la titular de la Secretar\u00eda de las Mujeres del Estado de Tlaxcala, Nydia Cano Rodr\u00edguez.<\/p>\n\n\n\n<p>En su mensaje, el presidente Alfonso S\u00e1nchez Garc\u00eda afirm\u00f3 que desde el inicio de su administraci\u00f3n se estableci\u00f3 como pol\u00edtica p\u00fablica prioritaria la erradicaci\u00f3n de todas las formas de violencia contra las mujeres, incluyendo la implementaci\u00f3n de la Ley 3 de 3 contra la Violencia, en consonancia con las exigencias de la sociedad civil y de los colectivos feministas.<\/p>\n\n\n\n<p>\u201cHoy quiero destacar con especial \u00e9nfasis un avance que no habr\u00eda sido posible sin el di\u00e1logo y la exigencia leg\u00edtima de las colectivas feministas: la implementaci\u00f3n en nuestro municipio de la Ley 3 de 3 contra la Violencia. Un compromiso que este Gobierno asumi\u00f3 con ustedes y que hoy se cumple\u201d, expres\u00f3 el alcalde.<\/p>\n\n\n\n<p>El edil tambi\u00e9n hizo un llamado al personal del Ayuntamiento a asumir con \u00e9tica este compromiso institucional:\u201cHago un llamado a todas y todos los servidores p\u00fablicos para ser agentes activos del cambio, promotores de espacios seguros, dignos y respetuosos para todas las personas. En el Ayuntamiento de Tlaxcala mantenemos firme nuestra pol\u00edtica de \u2018cero tolerancia\u2019 a la violencia de g\u00e9nero. Ese ha sido y seguir\u00e1 siendo un compromiso de esta Administraci\u00f3n que hoy refrendamos con acciones concretas\u201d.<\/p>\n\n\n\n<p>Por su parte, la s\u00edndica municipal Ivonne Hern\u00e1ndez Blancas subray\u00f3 que este protocolo fortalece la creaci\u00f3n de un entorno laboral donde se respeten plenamente los derechos humanos, y se cuenta con mecanismos de denuncia, atenci\u00f3n y sanci\u00f3n.\u201cSe han establecido mecanismos claros de recepci\u00f3n de quejas, investigaci\u00f3n imparcial y sanciones congruentes con un enfoque restaurativo que priorice la protecci\u00f3n de las v\u00edctimas\u201d, se\u00f1al\u00f3.<\/p>\n\n\n\n<p>El protocolo establece lineamientos para la prevenci\u00f3n, atenci\u00f3n y sanci\u00f3n de situaciones de acoso y hostigamiento sexual dentro de la administraci\u00f3n p\u00fablica municipal, con un enfoque de g\u00e9nero y derechos humanos. Adem\u00e1s, sienta las bases para la implementaci\u00f3n de medidas de sensibilizaci\u00f3n, capacitaci\u00f3n y fortalecimiento institucional.<\/p>\n\n\n\n<p>Para finalizar, se anunci\u00f3 que el Ayuntamiento de Tlaxcala tambi\u00e9n acompa\u00f1ar\u00e1 este esfuerzo con un proceso integral de sensibilizaci\u00f3n y formaci\u00f3n para todas y todos los servidores p\u00fablicos, reafirmando su convicci\u00f3n de erradicar la violencia de g\u00e9nero desde el \u00e1mbito institucional.<\/p>\n","protected":false},"excerpt":{"rendered":"<p>El presidente Alfonso S\u00e1nchez refrend\u00f3 su compromiso con la creaci\u00f3n de entornos laborales libres de violencia hacia las mujeres, mediante un protocolo institucional y la implementaci\u00f3n de la Ley 3 de 3 Contra la Violencia_Autoridades del Ayuntamiento de Tlaxcala, encabezadas por el presidente municipal, Alfonso S\u00e1nchez Garc\u00eda, firmaron el \u201cProtocolo para Prevenir, Atender y Sancionar [&hellip;]<\/p>\n","protected":false},"author":4,"featured_media":95823,"comment_status":"open","ping_status":"open","sticky":false,"template":"","format":"standard","meta":{"om_disable_all_campaigns":false,"_monsterinsights_skip_tracking":false,"_monsterinsights_sitenote_active":false,"_monsterinsights_sitenote_note":"","_monsterinsights_sitenote_category":0,"jnews-multi-image_gallery":[],"jnews_single_post":{"format":"standard"},"jnews_primary_category":[],"footnotes":""},"categories":[1],"tags":[],"class_list":["post-95822","post","type-post","status-publish","format-standard","has-post-thumbnail","hentry","category-uncategorized"],"aioseo_notices":[],"_links":{"self":[{"href":"https:\/\/estado29.mx\/index.php?rest_route=\/wp\/v2\/posts\/95822","targetHints":{"allow":["GET"]}}],"collection":[{"href":"https:\/\/estado29.mx\/index.php?rest_route=\/wp\/v2\/posts"}],"about":[{"href":"https:\/\/estado29.mx\/index.php?rest_route=\/wp\/v2\/types\/post"}],"author":[{"embeddable":true,"href":"https:\/\/estado29.mx\/index.php?rest_route=\/wp\/v2\/users\/4"}],"replies":[{"embeddable":true,"href":"https:\/\/estado29.mx\/index.php?rest_route=%2Fwp%2Fv2%2Fcomments&post=95822"}],"version-history":[{"count":1,"href":"https:\/\/estado29.mx\/index.php?rest_route=\/wp\/v2\/posts\/95822\/revisions"}],"predecessor-version":[{"id":95826,"href":"https:\/\/estado29.mx\/index.php?rest_route=\/wp\/v2\/posts\/95822\/revisions\/95826"}],"wp:featuredmedia":[{"embeddable":true,"href":"https:\/\/estado29.mx\/index.php?rest_route=\/wp\/v2\/media\/95823"}],"wp:attachment":[{"href":"https:\/\/estado29.mx\/index.php?rest_route=%2Fwp%2Fv2%2Fmedia&parent=95822"}],"wp:term":[{"taxonomy":"category","embeddable":true,"href":"https:\/\/estado29.mx\/index.php?rest_route=%2Fwp%2Fv2%2Fcategories&post=95822"},{"taxonomy":"post_tag","embeddable":true,"href":"https:\/\/estado29.mx\/index.php?rest_route=%2Fwp%2Fv2%2Ftags&post=95822"}],"curies":[{"name":"wp","href":"https:\/\/api.w.org\/{rel}","templated":true}]}}